{"id":12718,"date":"2020-12-21T06:00:43","date_gmt":"2020-12-21T05:00:43","guid":{"rendered":"https:\/\/www3.unifr.ch\/alma-georges?p=12718"},"modified":"2020-12-20T09:33:48","modified_gmt":"2020-12-20T08:33:48","slug":"adventskalender-2020-21-gedankenfunke-von-karin-schlapbach","status":"publish","type":"post","link":"https:\/\/www.unifr.ch\/alma-georges\/articles\/2020\/adventskalender-2020-21-gedankenfunke-von-karin-schlapbach","title":{"rendered":"Adventskalender 2020 #21 \u2013 Gedankenfunke von Karin Schlapbach"},"content":{"rendered":"<h4><strong>Vom 1. bis 24. Dezember schenkt Ihnen jeweils ein Mitglied unserer Universit\u00e4tsgemeinschaft ein paar pers\u00f6nliche Worte, z.B. in Form einer selbstverfassten Kurzgeschichte, eines Essays, eines Gedichts, oder teilt Gedanken mit, welche die Person besonders bewegt haben, sie zum Lachen, Weinen und zum Philosophieren brachten \u2026 \u00d6ffnen Sie das T\u00fcrchen, denn heute klopft Karin Schlapbach an!<\/strong><\/h4>\n<div class=\"clear\" style=\"height:20px\"><\/div>\n<blockquote><p><a href=\"https:\/\/www.unifr.ch\/alma-georges\/wp-content\/uploads\/2020\/12\/KS-headshot-Oct-2016.png\"><img decoding=\"async\" loading=\"lazy\" class=\"alignnone size-medium wp-image-12712 alignleft\" src=\"https:\/\/www.unifr.ch\/alma-georges\/wp-content\/uploads\/2020\/12\/KS-headshot-Oct-2016-237x300.png\" alt=\"\" width=\"237\" height=\"300\" srcset=\"https:\/\/www.unifr.ch\/alma-georges\/wp-content\/uploads\/2020\/12\/KS-headshot-Oct-2016-237x300.png 237w, https:\/\/www.unifr.ch\/alma-georges\/wp-content\/uploads\/2020\/12\/KS-headshot-Oct-2016-768x973.png 768w, https:\/\/www.unifr.ch\/alma-georges\/wp-content\/uploads\/2020\/12\/KS-headshot-Oct-2016-808x1024.png 808w, https:\/\/www.unifr.ch\/alma-georges\/wp-content\/uploads\/2020\/12\/KS-headshot-Oct-2016.png 1246w\" sizes=\"(max-width: 237px) 100vw, 237px\" \/><\/a>pulsate, et aperietur vobis.\u00a0(Matt\u00a07:7 \/ Luc 11:9)<\/p>\n<p>Ich habe ein Gedicht der polnischen Dichterin Wis\u0142awa Szymborska gew\u00e4hlt (1923-2012).<br \/>\nEs geht darin um Entdeckergeist und Anteilnahme, um falsche Vorstellungen und un\u00fcberwindliche Grenzen \u2013 und um die Sprache, die eine Br\u00fccke baut und Kunde gibt von dem, was scheinbar nicht gesehen, gef\u00fchlt und gelebt werden kann. Die W\u00f6rter, diese unvollkommenen Ann\u00e4herungen, sind uns nicht verloren gegangen in der Pandemie! Sie schliessen nicht auf, aber sie klopfen an.<\/p>\n<p style=\"text-align: right;\"><a href=\"https:\/\/www3.unifr.ch\/complit\/fr\/domaine\/institut\/people\/199037\/e4f77\" target=\"_blank\" rel=\"noopener noreferrer\">Karin Schlapbach<\/a><\/p>\n<\/blockquote>\n<!--[if lt IE 9]><script>document.createElement('audio');<\/script><![endif]-->\n<audio class=\"wp-audio-shortcode\" id=\"audio-12718-1\" preload=\"none\" style=\"width: 100%;\" controls=\"controls\"><source type=\"audio\/mpeg\" src=\"https:\/\/www.unifr.ch\/alma-georges\/wp-content\/uploads\/2020\/12\/Gespr\u00e4ch-mit-dem-Stein.m4a?_=1\" \/><a href=\"https:\/\/www.unifr.ch\/alma-georges\/wp-content\/uploads\/2020\/12\/Gespr\u00e4ch-mit-dem-Stein.m4a\">https:\/\/www.unifr.ch\/alma-georges\/wp-content\/uploads\/2020\/12\/Gespr\u00e4ch-mit-dem-Stein.m4a<\/a><\/audio>\n<div class=\"clear\"><\/div>\n","protected":false},"excerpt":{"rendered":"<p>Vom 1. bis 24. Dezember schenkt Ihnen jeweils ein Mitglied unserer Universit\u00e4tsgemeinschaft ein paar pers\u00f6nliche Worte, z.B. in Form einer selbstverfassten Kurzgeschichte, eines Essays, eines Gedichts, oder teilt Gedanken mit, welche die Person besonders bewegt haben, sie zum Lachen, Weinen und zum Philosophieren brachten \u2026 \u00d6ffnen Sie das T\u00fcrchen, denn heute klopft Karin Schlapbach an! pulsate, et aperietur vobis.\u00a0(Matt\u00a07:7 \/ Luc 11:9) Ich habe ein Gedicht der polnischen Dichterin Wis\u0142awa Szymborska gew\u00e4hlt (1923-2012). Es geht darin um Entdeckergeist und Anteilnahme, um falsche Vorstellungen und un\u00fcberwindliche Grenzen \u2013 und um die Sprache, die eine Br\u00fccke baut und Kunde gibt von dem,<\/p>\n","protected":false},"author":6,"featured_media":12286,"comment_status":"open","ping_status":"closed","sticky":true,"template":"","format":"standard","meta":{"footnotes":""},"categories":[89,85,75],"tags":[228,290],"_links":{"self":[{"href":"https:\/\/www.unifr.ch\/alma-georges\/wp-json\/wp\/v2\/posts\/12718"}],"collection":[{"href":"https:\/\/www.unifr.ch\/alma-georges\/wp-json\/wp\/v2\/posts"}],"about":[{"href":"https:\/\/www.unifr.ch\/alma-georges\/wp-json\/wp\/v2\/types\/post"}],"author":[{"embeddable":true,"href":"https:\/\/www.unifr.ch\/alma-georges\/wp-json\/wp\/v2\/users\/6"}],"replies":[{"embeddable":true,"href":"https:\/\/www.unifr.ch\/alma-georges\/wp-json\/wp\/v2\/comments?post=12718"}],"version-history":[{"count":1,"href":"https:\/\/www.unifr.ch\/alma-georges\/wp-json\/wp\/v2\/posts\/12718\/revisions"}],"predecessor-version":[{"id":12719,"href":"https:\/\/www.unifr.ch\/alma-georges\/wp-json\/wp\/v2\/posts\/12718\/revisions\/12719"}],"wp:featuredmedia":[{"embeddable":true,"href":"https:\/\/www.unifr.ch\/alma-georges\/wp-json\/wp\/v2\/media\/12286"}],"wp:attachment":[{"href":"https:\/\/www.unifr.ch\/alma-georges\/wp-json\/wp\/v2\/media?parent=12718"}],"wp:term":[{"taxonomy":"category","embeddable":true,"href":"https:\/\/www.unifr.ch\/alma-georges\/wp-json\/wp\/v2\/categories?post=12718"},{"taxonomy":"post_tag","embeddable":true,"href":"https:\/\/www.unifr.ch\/alma-georges\/wp-json\/wp\/v2\/tags?post=12718"}],"curies":[{"name":"wp","href":"https:\/\/api.w.org\/{rel}","templated":true}]}}