{"id":12337,"date":"2020-12-03T08:35:12","date_gmt":"2020-12-03T07:35:12","guid":{"rendered":"https:\/\/www3.unifr.ch\/alma-georges?p=12337"},"modified":"2020-12-03T17:19:06","modified_gmt":"2020-12-03T16:19:06","slug":"adventskalender-2020-3-gedankenfunke-von-lovis-n-cassaris","status":"publish","type":"post","link":"https:\/\/www.unifr.ch\/alma-georges\/articles\/2020\/adventskalender-2020-3-gedankenfunke-von-lovis-n-cassaris","title":{"rendered":"Adventskalender 2020 #3 \u2013 Gedankenfunke von Lovis N. Cassaris"},"content":{"rendered":"<h4><strong>Vom 1. bis 24. Dezember schenkt Ihnen jeweils ein Mitglied unserer Universit\u00e4tsgemeinschaft ein paar pers\u00f6nliche Worte, z.B. in Form einer selbstverfassten Kurzgeschichte, eines Essays, eines Gedichts, oder teilt Gedanken mit, welche die Person besonders bewegt haben, sie zum Lachen, Weinen und zum Philosophieren brachten \u2026 \u00d6ffnen Sie das T\u00fcrchen, denn heute klopft Lovis N. Cassaris an!<\/strong><\/h4>\n<div class=\"clear\" style=\"height:20px\"><\/div>\n<blockquote><p>Als Autor_in wollte ich etwas Eigenes kreieren und vorlesen. Als Philosoph_in m\u00f6chte ich zum Nachdenken anregen. Welches Thema eignet sich aktuell besser daf\u00fcr als die Corona-Pandemie? Auch wenn wir Weihnachtsb\u00e4ume schm\u00fccken, Geschenke einpacken, Liedchen einstudieren und grunds\u00e4tzlich das Leben feiern, ist der Tod gegenw\u00e4rtiger denn je. Ich bin \u00fcberzeugt, den einen oder anderen w\u00fcrde es gut tun, sich ein bisschen Zeit zum Sinnieren zu nehmen. Aus diesem Grunde habe ich den ber\u00fchmten Fragebogen von Max Frisch \u00fcber das Sterben als Basis genommen, auf die heutige Zeit angepasst und mit eigenen Fragen erg\u00e4nzt. Entstanden ist ein Fragebogen mit 34 Fragen rund um Covid-19. Nat\u00fcrlich d\u00fcrfen mir die Menschen, wenn sie es wollen und es ihnen nicht zu pers\u00f6nlich ist, ihre Antworten schriftlich zukommen lassen. Die Kontaktdaten stehen auf meiner Webseite.<\/p>\n<p style=\"text-align: right;\">Lovis N. Cassaris<\/p>\n<\/blockquote>\n<div class=\"clear\" style=\"height:20px\"><\/div>\n<p><iframe loading=\"lazy\" src=\"https:\/\/tube.switch.ch\/embed\/32e278a6\" width=\"640\" height=\"360\" frameborder=\"0\" allowfullscreen=\"allowfullscreen\"><\/iframe><\/p>\n<div class=\"clear\" style=\"height:20px\"><\/div>\n<span style=\"color: #ff9900;\">__________<\/span><\/p>\n<ul>\n<li><span style=\"font-family: 'Calibri',sans-serif; color: black;\">Webseite:\u00a0<\/span><a href=\"http:\/\/www.loviscassaris.com\" target=\"_blank\" rel=\"noopener noreferrer\"><span style=\"font-family: 'Calibri',sans-serif;\">www.loviscassaris.com<\/span><\/a><\/li>\n<li><span style=\"font-family: 'Calibri',sans-serif; color: black;\">Facebook:\u00a0<\/span><a href=\"https:\/\/www.facebook.com\/cassaris.lovis\/\" target=\"_blank\" rel=\"noopener noreferrer\"><span style=\"font-family: 'Calibri',sans-serif;\">https:\/\/www.facebook.com\/cassaris.lovis\/<\/span><\/a><\/li>\n<\/ul>\n<div class=\"clear\" style=\"height:20px\"><\/div>\n<div class=\"clear\" style=\"height:20px\"><\/div>\n","protected":false},"excerpt":{"rendered":"<p>Vom 1. bis 24. Dezember schenkt Ihnen jeweils ein Mitglied unserer Universit\u00e4tsgemeinschaft ein paar pers\u00f6nliche Worte, z.B. in Form einer selbstverfassten Kurzgeschichte, eines Essays, eines Gedichts, oder teilt Gedanken mit, welche die Person besonders bewegt haben, sie zum Lachen, Weinen und zum Philosophieren brachten \u2026 \u00d6ffnen Sie das T\u00fcrchen, denn heute klopft Lovis N. Cassaris an! Als Autor_in wollte ich etwas Eigenes kreieren und vorlesen. Als Philosoph_in m\u00f6chte ich zum Nachdenken anregen. Welches Thema eignet sich aktuell besser daf\u00fcr als die Corona-Pandemie? Auch wenn wir Weihnachtsb\u00e4ume schm\u00fccken, Geschenke einpacken, Liedchen einstudieren und grunds\u00e4tzlich das Leben feiern, ist der Tod gegenw\u00e4rtiger<\/p>\n","protected":false},"author":6,"featured_media":12286,"comment_status":"open","ping_status":"closed","sticky":true,"template":"","format":"standard","meta":{"footnotes":""},"categories":[89,85,75],"tags":[228],"_links":{"self":[{"href":"https:\/\/www.unifr.ch\/alma-georges\/wp-json\/wp\/v2\/posts\/12337"}],"collection":[{"href":"https:\/\/www.unifr.ch\/alma-georges\/wp-json\/wp\/v2\/posts"}],"about":[{"href":"https:\/\/www.unifr.ch\/alma-georges\/wp-json\/wp\/v2\/types\/post"}],"author":[{"embeddable":true,"href":"https:\/\/www.unifr.ch\/alma-georges\/wp-json\/wp\/v2\/users\/6"}],"replies":[{"embeddable":true,"href":"https:\/\/www.unifr.ch\/alma-georges\/wp-json\/wp\/v2\/comments?post=12337"}],"version-history":[{"count":4,"href":"https:\/\/www.unifr.ch\/alma-georges\/wp-json\/wp\/v2\/posts\/12337\/revisions"}],"predecessor-version":[{"id":12350,"href":"https:\/\/www.unifr.ch\/alma-georges\/wp-json\/wp\/v2\/posts\/12337\/revisions\/12350"}],"wp:featuredmedia":[{"embeddable":true,"href":"https:\/\/www.unifr.ch\/alma-georges\/wp-json\/wp\/v2\/media\/12286"}],"wp:attachment":[{"href":"https:\/\/www.unifr.ch\/alma-georges\/wp-json\/wp\/v2\/media?parent=12337"}],"wp:term":[{"taxonomy":"category","embeddable":true,"href":"https:\/\/www.unifr.ch\/alma-georges\/wp-json\/wp\/v2\/categories?post=12337"},{"taxonomy":"post_tag","embeddable":true,"href":"https:\/\/www.unifr.ch\/alma-georges\/wp-json\/wp\/v2\/tags?post=12337"}],"curies":[{"name":"wp","href":"https:\/\/api.w.org\/{rel}","templated":true}]}}