{"id":11934,"date":"2020-11-11T13:35:44","date_gmt":"2020-11-11T12:35:44","guid":{"rendered":"https:\/\/www3.unifr.ch\/alma-georges?p=11934"},"modified":"2020-11-12T09:06:40","modified_gmt":"2020-11-12T08:06:40","slug":"a-vos-plumes","status":"publish","type":"post","link":"https:\/\/www.unifr.ch\/alma-georges\/articles\/2020\/a-vos-plumes","title":{"rendered":"A vos plumes!"},"content":{"rendered":"<h4><strong>Tels des ap\u00f4tres de l&rsquo;\u00e9criture, Valentin Kolly et Matthieu Corpataux croient aux vertus du verbe. Afin de susciter des vocations, les deux doctorants de l&rsquo;Universit\u00e9 de Fribourg ont mis sur pied un cycle d&rsquo;ateliers d&rsquo;\u00e9criture. Des plumes romandes viendront y distiller leurs conseils. Interview pros\u00e9lyte.\u00a0<\/strong><\/h4>\n<div class=\"clear\" style=\"height:20px\"><\/div>\n<p><strong>Pourquoi avoir mis sur pied un atelier d&rsquo;\u00e9criture? Mener de front votre th\u00e8se, diriger <em>L&rsquo;Ep\u00eetre<\/em>, la revue litt\u00e9raire que vous avez cr\u00e9\u00e9e, et enseigner \u00e0 l&rsquo;universit\u00e9 ne vous suffit donc pas?<\/strong><\/p>\n<div id=\"attachment_11941\" style=\"width: 310px\" class=\"wp-caption alignleft\"><a href=\"https:\/\/www.unifr.ch\/alma-georges\/wp-content\/uploads\/2020\/11\/DSC00544.jpg\"><img aria-describedby=\"caption-attachment-11941\" decoding=\"async\" loading=\"lazy\" class=\"wp-image-11941 size-medium\" src=\"https:\/\/www.unifr.ch\/alma-georges\/wp-content\/uploads\/2020\/11\/DSC00544-300x200.jpg\" alt=\"\" width=\"300\" height=\"200\" srcset=\"https:\/\/www.unifr.ch\/alma-georges\/wp-content\/uploads\/2020\/11\/DSC00544-300x200.jpg 300w, https:\/\/www.unifr.ch\/alma-georges\/wp-content\/uploads\/2020\/11\/DSC00544-768x512.jpg 768w, https:\/\/www.unifr.ch\/alma-georges\/wp-content\/uploads\/2020\/11\/DSC00544-1024x683.jpg 1024w\" sizes=\"(max-width: 300px) 100vw, 300px\" \/><\/a><p id=\"caption-attachment-11941\" class=\"wp-caption-text\">Matthieu Corpataux, assistant dipl\u00f4m\u00e9, D\u00e9partement de fran\u00e7ais<\/p><\/div>\n<p><em>Matthieu Corpataux:<\/em> Au risque de para\u00eetre grandiloquent, j&rsquo;ai la vocation de faire comprendre combien l&rsquo;\u00e9criture peut-\u00eatre utile pour soi, pour les autres, pour penser. Je ne le vois pas comme une charge en plus. Au contraire, cet \u00e9norme projet nourrit mon travail \u00e0 l&rsquo;universit\u00e9, car\u00a0 il m&rsquo;a appris \u00e0 enseigner avec bienveillance, avec p\u00e9dagogie, sans imposer une norme.<\/p>\n<div id=\"attachment_11940\" style=\"width: 310px\" class=\"wp-caption alignright\"><a href=\"https:\/\/www.unifr.ch\/alma-georges\/wp-content\/uploads\/2020\/11\/DSC00536.jpg\"><img aria-describedby=\"caption-attachment-11940\" decoding=\"async\" loading=\"lazy\" class=\"wp-image-11940 size-medium\" src=\"https:\/\/www.unifr.ch\/alma-georges\/wp-content\/uploads\/2020\/11\/DSC00536-300x200.jpg\" alt=\"\" width=\"300\" height=\"200\" srcset=\"https:\/\/www.unifr.ch\/alma-georges\/wp-content\/uploads\/2020\/11\/DSC00536-300x200.jpg 300w, https:\/\/www.unifr.ch\/alma-georges\/wp-content\/uploads\/2020\/11\/DSC00536-768x512.jpg 768w, https:\/\/www.unifr.ch\/alma-georges\/wp-content\/uploads\/2020\/11\/DSC00536-1024x683.jpg 1024w\" sizes=\"(max-width: 300px) 100vw, 300px\" \/><\/a><p id=\"caption-attachment-11940\" class=\"wp-caption-text\">Valentin Kolly, assistant dipl\u00f4m\u00e9, D\u00e9partement de fran\u00e7ais<\/p><\/div>\n<p><em>Valentin Kolly: <\/em>J&rsquo;ajouterais que, pour les nombreuses personnes qui \u00e9crivent d\u00e9j\u00e0 dans des carnets, <em>L&rsquo;Ep\u00eetre<\/em> et nos ateliers offrent une plateforme o\u00f9 elles peuvent se confronter \u00e0 la critique, \u00eatre plus lues que sur un blog personnel et \u00e9viter de se voir recaler par une maison d&rsquo;\u00e9dition, sans commentaires. C&rsquo;est un lieu de partage et de mise en valeur de ces textes.<\/p>\n<p>&nbsp;<\/p>\n<p><strong>Qu&rsquo;apprend-t-on dans vos ateliers?<br \/>\n<\/strong><em>Valentin:<\/em> Les auteurs que nous invitons, Anne Pitteloud, Daniel Maggetti, Bruno Pellegrino, pour ne citer qu&rsquo;eux, ont carte blanche. Ils viennent avec leur rapport \u00e0 l&rsquo;\u00e9criture, leur fa\u00e7on de travailler. On ne cherche pas tant \u00e0 donner des outils th\u00e9oriques pour apprendre \u00e0 \u00e9crire que d&rsquo;y aller par la pratique. C&rsquo;est une impulsion \u00e0 l&rsquo;\u00e9criture: un sujet avec un temps donn\u00e9. Ensuite, tout le monde partage son texte. Il n&rsquo;y a pas de c\u00f4t\u00e9 normatif o\u00f9 l&rsquo;on dit ce qui est juste ou faux. Nous ne livrons pas de mode d&#8217;emploi pour le prochain Goncourt. Nous souhaitons que les gens \u00e9crivent, partagent et re\u00e7oivent un critique constructive.<br \/>\n<em>Matthieu: <\/em>C&rsquo;est beaucoup moins s\u00e9rieux qu&rsquo;un cours. Un atelier est un moment de d\u00e9tente, une d\u00e9mythification de l&rsquo;\u00e9criture. Nous d\u00e9sirons former une rel\u00e8ve et encourager \u00e0 l&rsquo;\u00e9criture. On peut tout aussi bien publier des textes sur le site de <em>L&rsquo;Ep\u00eetre<\/em> et se contenter des commentaires, mais celles et ceux qui privil\u00e9gient le contact humain viennent aux ateliers.<\/p>\n<p><strong>Pr\u00e9cis\u00e9ment, qui participent \u00e0 vos ateliers?<\/strong><br \/>\n<em>Valentin: <\/em>En g\u00e9n\u00e9ral, le public est plut\u00f4t jeune, ce qui s&rsquo;explique par notre ancrage \u00e0 l&rsquo;universit\u00e9, mais nous avons \u00e9galement eu un avocat, un professeur, des n\u00e9ophytes et des \u00e9crivains confirm\u00e9s.<br \/>\n<em>Matthieu: <\/em>Sans compter que nous pratiquons des prix tr\u00e8s accessibles, 30.- seulement pour un atelier de deux heures! Je tiens \u00e9galement \u00e0 ajouter que sur le site, et c&rsquo;est sa beaut\u00e9, nous recevons des textes de partout, de Belgique, de Guadeloupe et du Canada.<\/p>\n<h4><div class=\"clear\" style=\"height:20px\"><\/div><\/h4>\n<div style=\"background-color: orange; font-size: 100%; padding: 1em;\">\n<h3><strong>Questionnaire de Proust<\/strong><\/h3>\n<p><strong>Votre premier livre?<br \/>\n<\/strong><em>Valentin: <\/em>Il y avait probablement plus d&rsquo;images que de texte, un Ast\u00e9rix s\u00fbrement.<br \/>\n<em>Matthieu:<\/em> Ast\u00e9rix ou Titeuf.<\/p>\n<p><strong>Premier livre sans image?<br \/>\n<\/strong><em>Valentin: Harry Potter<\/em> peut-\u00eatre.<br \/>\n<em>Matthieu:<\/em> <em>Le club des 5<\/em>.<\/p>\n<p><strong>Un livre \u00e0 prendre sur une \u00eele d\u00e9serte?<br \/>\n<\/strong><em>Valentin:<\/em> <em>2666<\/em> de Roberto Bola\u00f1o, car il est tr\u00e8s long, 1400 pages! G\u00e9nial en plus!<br \/>\n<em>Matthieu:<\/em> <em>Don Quichotte<\/em>.<\/p>\n<p><strong>Un livre qui remonte le moral?<br \/>\n<\/strong><em>Matthieu:<\/em> Raymond Carver, po\u00e8te am\u00e9ricain, magnifique, \u00e0 prescrire lors des moments de d\u00e9prime.<br \/>\n<em>Valentin:<\/em> Tous les livres me rendent heureux, mais j&rsquo;adore <em>La n\u00e9buleuse du crabe<\/em> d&rsquo;Eric Chevillard. Le fond n&rsquo;est pas dr\u00f4le car il parle de l&rsquo;absurdit\u00e9 de la vie, mais l&rsquo;auteur a un style fabuleux.<\/p>\n<p><strong>Un livre d\u00e9primant?<br \/>\n<\/strong><em>Matthieu:<\/em> Cioran, mais pas un titre en particulier. Toute son \u0153uvre questionne la mort, est empreint d&rsquo;une vision tr\u00e8s pessimiste de la vie, de l&rsquo;utilit\u00e9 de l&rsquo;humain sur la terre. C&rsquo;est brillant, bouleversant et tragique \u00e0 la fois.<br \/>\n<em>Valentin:<\/em> Il y en a sans doute beaucoup.<\/p>\n<p><strong>Un livre que vous avez lu 100 fois?<br \/>\n<\/strong><em>Valentin:<\/em> Je peux r\u00e9pondre pour toi: <em>Mars<\/em>, de Fritz Zorn<br \/>\n<em>Matthieu:<\/em> C&rsquo;est \u00e7a! Et toi, c&rsquo;est Pierre Bergougnioux, je pense.<br \/>\n<em>Valentin:<\/em> Oui! Pierre Bergougnioux, auteur sur lequel j&rsquo;ai \u00e9crit mon m\u00e9moire, que je lis et relis.<\/p>\n<p><strong>Un livre que vous n&rsquo;avez pas pu finir?<br \/>\n<\/strong><em>Matthieu:<\/em> Il y en a beaucoup que je n&rsquo;ach\u00e8ve pas, tous les classiques, Flaubert, Balzac. Je m&rsquo;int\u00e9resse avant tout au style, plus qu&rsquo;\u00e0 l&rsquo;intrigue.<br \/>\n<em>Valentin:<\/em> Le premier qui me vient \u00e0 l&rsquo;esprit, que j&rsquo;adore pourtant, est le dernier livre d&rsquo;Alain Damasio. Il est beaucoup trop long en d\u00e9pit de son excellence.<\/p>\n<p><strong>Le livre que vous auriez voulu \u00e9crire?<br \/>\n<\/strong><em>Matthieu:<\/em> Les <em>Calligrammes<\/em> d&rsquo;Apollinaire pour sa contribution \u00e0 la po\u00e9sie<br \/>\n<em>Valentin:<\/em> Je savais que tu allais dire \u00e7a. Quant \u00e0 moi, j&rsquo;aurais bien voulu \u00e9crire le premier livre de Houellebecq, <em>Extension du domaine de la lutte<\/em>, pour savoir ce qu&rsquo;il y a dans sa t\u00eate, ce qui le pousse \u00e0 \u00e9crire.<\/p>\n<p><strong>Un livre pour caler une table bancale?<br \/>\n<\/strong><em>Matthieu:<\/em> Un livre auto-\u00e9dit\u00e9!<br \/>\n<em>Valentin:<\/em> Pas mieux!<\/p>\n<p><strong>Votre livre de chevet aujourd&rsquo;hui?<br \/>\n<\/strong><em>Matthieu:<\/em> c&rsquo;est de la po\u00e9sie car je lis toujours de la po\u00e9sie. Thomas Vinau, un recueil qui s&rsquo;intitule <em>Notes de bois.<\/em><br \/>\n<em>Valentin:<\/em> Eric Chauvier, un auteur que j&rsquo;ai d\u00e9couvert r\u00e9cemment, et son livre <em>Le Revenant<\/em> qui s&rsquo;imagine Baudelaire exp\u00e9rimentant la soci\u00e9t\u00e9 contemporaine, errant dans Paris sous forme de zombie, avec son regard du XIXe si\u00e8cle. C&rsquo;est tr\u00e8s dr\u00f4le et inspirant.<\/p>\n<\/div>\n<div class=\"clear\" style=\"height:20px\"><\/div>\n<p><span style=\"color: #ff6600;\">__________<\/span><\/p>\n<ul>\n<li><a href=\"https:\/\/www3.unifr.ch\/llf\/fr\/departement\/equipe\/valentin-kolly.html\" target=\"_blank\" rel=\"noopener noreferrer\">Page<\/a> de Valentin Kolly<\/li>\n<li><a href=\"https:\/\/www3.unifr.ch\/llf\/fr\/departement\/equipe\/matthieu-corpataux.html\" target=\"_blank\" rel=\"noopener noreferrer\">Page<\/a> de Matthieu Corpataux<\/li>\n<li><a href=\"https:\/\/www.lepitre.ch\/ateliers\" target=\"_blank\" rel=\"noopener noreferrer\">Troisi\u00e8me cycle<\/a> d&rsquo;ateliers d&rsquo;\u00e9criture<\/li>\n<li><a href=\"https:\/\/www.lepitre.ch\/index.php\/\" target=\"_blank\" rel=\"noopener noreferrer\">Site<\/a> de <em>L&rsquo;Epitre<\/em><\/li>\n<\/ul>\n<div class=\"clear\" style=\"height:20px\"><\/div>\n<div class=\"clear\" style=\"height:20px\"><\/div>\n","protected":false},"excerpt":{"rendered":"<p>Tels des ap\u00f4tres de l&rsquo;\u00e9criture, Valentin Kolly et Matthieu Corpataux croient aux vertus du verbe. Afin de susciter des vocations, les deux doctorants de l&rsquo;Universit\u00e9 de Fribourg ont mis sur pied un cycle d&rsquo;ateliers d&rsquo;\u00e9criture. Des plumes romandes viendront y distiller leurs conseils. Interview pros\u00e9lyte.\u00a0 Pourquoi avoir mis sur pied un atelier d&rsquo;\u00e9criture? Mener de front votre th\u00e8se, diriger L&rsquo;Ep\u00eetre, la revue litt\u00e9raire que vous avez cr\u00e9\u00e9e, et enseigner \u00e0 l&rsquo;universit\u00e9 ne vous suffit donc pas? Matthieu Corpataux: Au risque de para\u00eetre grandiloquent, j&rsquo;ai la vocation de faire comprendre combien l&rsquo;\u00e9criture peut-\u00eatre utile pour soi, pour les autres, pour penser.<\/p>\n","protected":false},"author":13,"featured_media":11939,"comment_status":"open","ping_status":"closed","sticky":true,"template":"","format":"standard","meta":{"footnotes":""},"categories":[75],"tags":[1078,290],"_links":{"self":[{"href":"https:\/\/www.unifr.ch\/alma-georges\/wp-json\/wp\/v2\/posts\/11934"}],"collection":[{"href":"https:\/\/www.unifr.ch\/alma-georges\/wp-json\/wp\/v2\/posts"}],"about":[{"href":"https:\/\/www.unifr.ch\/alma-georges\/wp-json\/wp\/v2\/types\/post"}],"author":[{"embeddable":true,"href":"https:\/\/www.unifr.ch\/alma-georges\/wp-json\/wp\/v2\/users\/13"}],"replies":[{"embeddable":true,"href":"https:\/\/www.unifr.ch\/alma-georges\/wp-json\/wp\/v2\/comments?post=11934"}],"version-history":[{"count":24,"href":"https:\/\/www.unifr.ch\/alma-georges\/wp-json\/wp\/v2\/posts\/11934\/revisions"}],"predecessor-version":[{"id":11985,"href":"https:\/\/www.unifr.ch\/alma-georges\/wp-json\/wp\/v2\/posts\/11934\/revisions\/11985"}],"wp:featuredmedia":[{"embeddable":true,"href":"https:\/\/www.unifr.ch\/alma-georges\/wp-json\/wp\/v2\/media\/11939"}],"wp:attachment":[{"href":"https:\/\/www.unifr.ch\/alma-georges\/wp-json\/wp\/v2\/media?parent=11934"}],"wp:term":[{"taxonomy":"category","embeddable":true,"href":"https:\/\/www.unifr.ch\/alma-georges\/wp-json\/wp\/v2\/categories?post=11934"},{"taxonomy":"post_tag","embeddable":true,"href":"https:\/\/www.unifr.ch\/alma-georges\/wp-json\/wp\/v2\/tags?post=11934"}],"curies":[{"name":"wp","href":"https:\/\/api.w.org\/{rel}","templated":true}]}}