{"id":11836,"date":"2020-10-26T16:13:17","date_gmt":"2020-10-26T15:13:17","guid":{"rendered":"https:\/\/www3.unifr.ch\/alma-georges?p=11836"},"modified":"2020-10-26T16:13:17","modified_gmt":"2020-10-26T15:13:17","slug":"pot-de-fries-6","status":"publish","type":"post","link":"https:\/\/www.unifr.ch\/alma-georges\/articles\/2020\/pot-de-fries-6","title":{"rendered":"Pot de Fries \u2013 #6"},"content":{"rendered":"<h4><strong>Le Centre Fries met la culture et l\u2019actualit\u00e9 en pot! Des invit\u00e9\u00b7e\u00b7s, des avis, des coups de coeur et des coups de gueule \u00e0 partager comme autour d\u2019un verre entre ami\u00b7e\u00b7s. Laissez-vous chatouiller les oreilles par ce podcast \u00e0 savourer chaque semaine durant tout le semestre.<\/strong><\/h4>\n<div class=\"clear\">Tremblez pirates! Durant ce sixi\u00e8me \u00e9pisode, Patrick et Florian de D-SID nous embarquent sur leur bateau pirate \u00e0 la conqu\u00eate de l&rsquo;Atlantide en nous pr\u00e9sentant leur jeu de r\u00f4le.<\/div>\n<div><\/div>\n<div><div class=\"clear\" style=\"height:20px\"><\/div>\n<iframe loading=\"lazy\" src=\"https:\/\/www.youtube.com\/embed\/1UsvKnVB77E\" width=\"560\" height=\"315\" frameborder=\"0\" allowfullscreen=\"allowfullscreen\"><\/iframe><\/div>\n<div><\/div>\n<div><div class=\"clear\" style=\"height:20px\"><\/div>\n<span style=\"color: #ff9900;\">__________<\/span><\/div>\n<div>\n<div class=\"clear\" style=\"height:20px\"><\/div>\n<\/div>\n<ul>\n<li>Le\u00a0<a href=\"https:\/\/student.unifr.ch\/centrefries\/fr\/\" target=\"_blank\" rel=\"noopener noreferrer\">Centre Fries<\/a>\u00a0c\u2019est ce coin tout particulier de l\u2019Unifr, un centre socio-culturel g\u00e9r\u00e9 par les \u00e9tudiant\u00b7e\u00b7s pour les \u00e9tudiant\u00b7e\u00b7s, mais pas que\u2026 A suivre sur\u00a0<a href=\"https:\/\/www.facebook.com\/CentreFries\/\" target=\"_blank\" rel=\"noopener noreferrer\">Facebook<\/a>\u00a0et\u00a0<a href=\"https:\/\/www.instagram.com\/centrefries\/\" target=\"_blank\" rel=\"noopener noreferrer\">Instagram<\/a>.<\/li>\n<li><a href=\"https:\/\/d-sid.ch\/\" target=\"_blank\" rel=\"noopener noreferrer\">Site<\/a> de D-SID<\/li>\n<\/ul>\n<div><div class=\"clear\" style=\"height:20px\"><\/div><\/div>\n<div><div class=\"clear\" style=\"height:20px\"><\/div><\/div>\n","protected":false},"excerpt":{"rendered":"<p>Le Centre Fries met la culture et l\u2019actualit\u00e9 en pot! Des invit\u00e9\u00b7e\u00b7s, des avis, des coups de coeur et des coups de gueule \u00e0 partager comme autour d\u2019un verre entre ami\u00b7e\u00b7s. Laissez-vous chatouiller les oreilles par ce podcast \u00e0 savourer chaque semaine durant tout le semestre. Tremblez pirates! Durant ce sixi\u00e8me \u00e9pisode, Patrick et Florian de D-SID nous embarquent sur leur bateau pirate \u00e0 la conqu\u00eate de l&rsquo;Atlantide en nous pr\u00e9sentant leur jeu de r\u00f4le. __________ Le\u00a0Centre Fries\u00a0c\u2019est ce coin tout particulier de l\u2019Unifr, un centre socio-culturel g\u00e9r\u00e9 par les \u00e9tudiant\u00b7e\u00b7s pour les \u00e9tudiant\u00b7e\u00b7s, mais pas que\u2026 A suivre sur\u00a0Facebook\u00a0et\u00a0Instagram.<\/p>\n","protected":false},"author":6,"featured_media":11550,"comment_status":"open","ping_status":"closed","sticky":true,"template":"","format":"standard","meta":{"footnotes":""},"categories":[89,75],"tags":[1107,146],"_links":{"self":[{"href":"https:\/\/www.unifr.ch\/alma-georges\/wp-json\/wp\/v2\/posts\/11836"}],"collection":[{"href":"https:\/\/www.unifr.ch\/alma-georges\/wp-json\/wp\/v2\/posts"}],"about":[{"href":"https:\/\/www.unifr.ch\/alma-georges\/wp-json\/wp\/v2\/types\/post"}],"author":[{"embeddable":true,"href":"https:\/\/www.unifr.ch\/alma-georges\/wp-json\/wp\/v2\/users\/6"}],"replies":[{"embeddable":true,"href":"https:\/\/www.unifr.ch\/alma-georges\/wp-json\/wp\/v2\/comments?post=11836"}],"version-history":[{"count":2,"href":"https:\/\/www.unifr.ch\/alma-georges\/wp-json\/wp\/v2\/posts\/11836\/revisions"}],"predecessor-version":[{"id":11850,"href":"https:\/\/www.unifr.ch\/alma-georges\/wp-json\/wp\/v2\/posts\/11836\/revisions\/11850"}],"wp:featuredmedia":[{"embeddable":true,"href":"https:\/\/www.unifr.ch\/alma-georges\/wp-json\/wp\/v2\/media\/11550"}],"wp:attachment":[{"href":"https:\/\/www.unifr.ch\/alma-georges\/wp-json\/wp\/v2\/media?parent=11836"}],"wp:term":[{"taxonomy":"category","embeddable":true,"href":"https:\/\/www.unifr.ch\/alma-georges\/wp-json\/wp\/v2\/categories?post=11836"},{"taxonomy":"post_tag","embeddable":true,"href":"https:\/\/www.unifr.ch\/alma-georges\/wp-json\/wp\/v2\/tags?post=11836"}],"curies":[{"name":"wp","href":"https:\/\/api.w.org\/{rel}","templated":true}]}}