{"id":11394,"date":"2020-09-07T13:51:56","date_gmt":"2020-09-07T12:51:56","guid":{"rendered":"https:\/\/www3.unifr.ch\/alma-georges?p=11394"},"modified":"2020-09-08T16:35:12","modified_gmt":"2020-09-08T15:35:12","slug":"en-suisse-une-plante-sur-trois-risque-de-disparaitre","status":"publish","type":"post","link":"https:\/\/www.unifr.ch\/alma-georges\/articles\/2020\/en-suisse-une-plante-sur-trois-risque-de-disparaitre","title":{"rendered":"\u00abEn Suisse, une plante sur trois risque de dispara\u00eetre\u00bb"},"content":{"rendered":"<h4><strong>Jusqu\u2019en automne 2021, le Jardin botanique de l\u2019Universit\u00e9 de Fribourg pr\u00e9sente l\u2019exposition en plein air \u00abTr\u00e9sor v\u00e9g\u00e9tal: comment sauvegarder nos plantes menac\u00e9es\u00bb. Interview du Professeur Gregor Kozlowski, directeur du Jardin.\u00a0<\/strong><\/h4>\n<div class=\"clear\" style=\"height:20px\"><\/div>\n<p>Pr\u00e8s d\u2019un tiers des esp\u00e8ces de Suisse risquent de dispara\u00eetre. Pourquoi certaines plantes sont-elles menac\u00e9es? Que pouvons-nous faire pour les pr\u00e9server? A partir du 10 septembre 2020, le Jardin botanique de l\u2019Universit\u00e9 de Fribourg accueille l\u2019exposition \u00abTr\u00e9sor v\u00e9g\u00e9tal. Comment sauvegarder nos plantes menac\u00e9es\u00bb | \u00abBotanischer Schatz. Wie man bedrohte Pflanzen vor dem Aussterben rettet\u00bb. Au moyen de sept mots cl\u00e9s \u2013 observer, suivre, l\u00e9gif\u00e9rer, \u00e9valuer, \u00e9tudier, conserver et pr\u00e9dire \u2013 elle aborde ces questions de fa\u00e7on globale, tout en apportant des \u00e9l\u00e9ments de r\u00e9ponse au grand d\u00e9fi de la conservation de ce pr\u00e9cieux patrimoine en p\u00e9ril. Des tirages grand format du photographe Mario Del Curto et un programme d\u2019animations didactiques compl\u00e8tent cette exposition en plein air organis\u00e9e en collaboration avec le <a href=\"http:\/\/www.botanique.vd.ch\/jardin-de-lausanne\/jardin-botanique-de-lausanne\/\" target=\"_blank\" rel=\"noopener noreferrer\">Jardin botanique de Lausanne<\/a> et l\u2019<a href=\"http:\/\/www.unibe.ch\" target=\"_blank\" rel=\"noopener noreferrer\">Universit\u00e9 de Berne<\/a>. A d\u00e9couvrir jusqu\u2019\u00e0 fin octobre 2021.<\/p>\n<div class=\"clear\" style=\"height:20px\"><\/div>\n<div id=\"new-royalslider-113\" class=\"royalSlider new-royalslider-113 rsUni rs-default-template\" style=\"width:100%;height:400px;;\" data-rs-options='{&quot;template&quot;:&quot;default&quot;,&quot;image_generation&quot;:{&quot;imageWidth&quot;:&quot;&quot;,&quot;imageHeight&quot;:&quot;&quot;,&quot;thumbImageWidth&quot;:&quot;&quot;,&quot;thumbImageHeight&quot;:&quot;&quot;},&quot;thumbs&quot;:{&quot;thumbWidth&quot;:96,&quot;thumbHeight&quot;:72},&quot;autoPlay&quot;:{&quot;enabled&quot;:&quot;true&quot;},&quot;fullscreen&quot;:{&quot;enabled&quot;:&quot;true&quot;},&quot;video&quot;:[],&quot;width&quot;:&quot;100%&quot;,&quot;height&quot;:&quot;400px&quot;,&quot;globalCaption&quot;:&quot;true&quot;,&quot;globalCaptionInside&quot;:&quot;true&quot;}'>\n<div class=\"rsContent\">\n  <img class=\"rsImg\" src=\"https:\/\/www.unifr.ch\/alma-georges\/wp-content\/uploads\/2020\/09\/DSC2016_MarioDelCurto-1024x735.jpg\" data-rsBigImg=\"https:\/\/www.unifr.ch\/alma-georges\/wp-content\/uploads\/2020\/09\/DSC2016_MarioDelCurto.jpg\" alt=\"copyright: MarioDelCurto\"\/>\n  \n  \n  \n<\/div>\n<div class=\"rsContent\">\n  <img class=\"rsImg\" src=\"https:\/\/www.unifr.ch\/alma-georges\/wp-content\/uploads\/2020\/09\/DSC4326_MarioDelCurto-1024x683.jpg\" data-rsBigImg=\"https:\/\/www.unifr.ch\/alma-georges\/wp-content\/uploads\/2020\/09\/DSC4326_MarioDelCurto.jpg\" alt=\"Copyright: Mario Del Curto\"\/>\n  \n  \n  \n<\/div>\n<div class=\"rsContent\">\n  <img class=\"rsImg\" src=\"https:\/\/www.unifr.ch\/alma-georges\/wp-content\/uploads\/2020\/09\/DSC6043_MarioDelCurto-1024x730.jpg\" data-rsBigImg=\"https:\/\/www.unifr.ch\/alma-georges\/wp-content\/uploads\/2020\/09\/DSC6043_MarioDelCurto.jpg\" alt=\"Copyright: Mario Del Curto\"\/>\n  \n  \n  \n<\/div>\n<div class=\"rsContent\">\n  <img class=\"rsImg\" src=\"https:\/\/www.unifr.ch\/alma-georges\/wp-content\/uploads\/2020\/09\/Eryngium-alpinum-ChardonBleu6_Gregor-Kozlowski-Kopie-e1599482101850.jpg\" data-rsBigImg=\"https:\/\/www.unifr.ch\/alma-georges\/wp-content\/uploads\/2020\/09\/Eryngium-alpinum-ChardonBleu6_Gregor-Kozlowski-Kopie-e1599482101850.jpg\" alt=\"Eryngium alpinum (ChardonBleu) | Copyright: Gregor Kozlowski Kopie\"\/>\n  \n  \n  \n<\/div>\n<div class=\"rsContent\">\n  <img class=\"rsImg\" src=\"https:\/\/www.unifr.ch\/alma-georges\/wp-content\/uploads\/2020\/09\/Feldarbeit-_Arenaria-bernensis1_photo-Jardin-botanique-1024x768.jpg\" data-rsBigImg=\"https:\/\/www.unifr.ch\/alma-georges\/wp-content\/uploads\/2020\/09\/Feldarbeit-_Arenaria-bernensis1_photo-Jardin-botanique.jpg\" alt=\"Travail de terrain | Arenaria bernensis | Copyright: Jardin botanique\"\/>\n  \n  \n  \n<\/div>\n<div class=\"rsContent\">\n  <img class=\"rsImg\" src=\"https:\/\/www.unifr.ch\/alma-georges\/wp-content\/uploads\/2020\/09\/Feldarbeit-Nuphar-pumila1_photo-Jardin-botanique-1024x768.jpg\" data-rsBigImg=\"https:\/\/www.unifr.ch\/alma-georges\/wp-content\/uploads\/2020\/09\/Feldarbeit-Nuphar-pumila1_photo-Jardin-botanique.jpg\" alt=\"Travail de terrain |  Nuphar pumila | Copyright: Jardin botanique\"\/>\n  \n  \n  \n<\/div>\n<div class=\"rsContent\">\n  <img class=\"rsImg\" src=\"https:\/\/www.unifr.ch\/alma-georges\/wp-content\/uploads\/2020\/09\/Nuphar-pumila-photo-GK-1024x768.jpg\" data-rsBigImg=\"https:\/\/www.unifr.ch\/alma-georges\/wp-content\/uploads\/2020\/09\/Nuphar-pumila-photo-GK.jpg\" alt=\"Nuphar pumila | Copyright: Gregor Kozlowski\"\/>\n  \n  \n  \n<\/div>\n\n<\/div>\n\n<div class=\"clear\" style=\"height:20px\"><\/div>\n<p><strong>Gregor Kozlowski, une exposition sur les plantes qui disparaissent: vous nous servez encore une dose de catastrophes?<\/strong><br \/>\nLa perte de la biodiversit\u00e9 est un probl\u00e8me majeur du XXIe si\u00e8cle. La situation est dramatique, mais on ne peut pas se contenter d\u2019\u00eatre n\u00e9gatifs. Les scientifiques doivent aider les politiques et la soci\u00e9t\u00e9 \u00e0 sortir de cette crise. Notre exposition pr\u00e9sente des solutions et pr\u00e9sente les acteurs engag\u00e9s pour la sauvegarde des esp\u00e8ces, ici \u00e0 Fribourg.<\/p>\n<p><strong>Combien d\u2019esp\u00e8ces sont menac\u00e9es en Suisse?<br \/>\n<\/strong>Environ 30% de la flore suisse risque de dispara\u00eetre. Mais la proportion varie fortement: dans les milieux aquatiques, par exemple, ce sont 70 \u00e0 80% des esp\u00e8ces. Pourquoi? On a ass\u00e9ch\u00e9 les marais pour se d\u00e9barrasser des moustiques, utilis\u00e9 les cours d\u2019eau pour l\u2019\u00e9lectricit\u00e9 et les bords de lac pour les loisirs. Les zones alluviales et les tourbi\u00e8res ont \u00e9t\u00e9 enti\u00e8rement an\u00e9anties. Dans les for\u00eats ou les p\u00e2turages, en revanche, la situation est moins critique.<\/p>\n<div class=\"clear\" style=\"height:20px\"><\/div>\n<div id=\"new-royalslider-114\" class=\"royalSlider new-royalslider-114 rsUni rs-default-template\" style=\"width:100%;height:400px;;\" data-rs-options='{&quot;template&quot;:&quot;default&quot;,&quot;image_generation&quot;:{&quot;imageWidth&quot;:&quot;&quot;,&quot;imageHeight&quot;:&quot;&quot;,&quot;thumbImageWidth&quot;:&quot;&quot;,&quot;thumbImageHeight&quot;:&quot;&quot;},&quot;thumbs&quot;:{&quot;thumbWidth&quot;:96,&quot;thumbHeight&quot;:72},&quot;fullscreen&quot;:{&quot;enabled&quot;:&quot;true&quot;},&quot;video&quot;:[],&quot;width&quot;:&quot;100%&quot;,&quot;height&quot;:&quot;400px&quot;,&quot;globalCaption&quot;:&quot;true&quot;,&quot;globalCaptionInside&quot;:&quot;true&quot;}'>\n<div class=\"rsContent\">\n  <img class=\"rsImg\" src=\"https:\/\/www.unifr.ch\/alma-georges\/wp-content\/uploads\/2020\/09\/IMG_5196-1024x768.jpeg\" data-rsBigImg=\"https:\/\/www.unifr.ch\/alma-georges\/wp-content\/uploads\/2020\/09\/IMG_5196.jpeg\" alt=\"\"\/>\n  \n  \n  \n<\/div>\n<div class=\"rsContent\">\n  <img class=\"rsImg\" src=\"https:\/\/www.unifr.ch\/alma-georges\/wp-content\/uploads\/2020\/09\/4CA8C702-6AE9-49B2-96A9-A751363B0561-1024x768.jpeg\" data-rsBigImg=\"https:\/\/www.unifr.ch\/alma-georges\/wp-content\/uploads\/2020\/09\/4CA8C702-6AE9-49B2-96A9-A751363B0561.jpeg\" alt=\"\"\/>\n  \n  \n  \n<\/div>\n<div class=\"rsContent\">\n  <img class=\"rsImg\" src=\"https:\/\/www.unifr.ch\/alma-georges\/wp-content\/uploads\/2020\/09\/7882E871-F1A0-4022-83C4-A087EF234D63-1024x768.jpeg\" data-rsBigImg=\"https:\/\/www.unifr.ch\/alma-georges\/wp-content\/uploads\/2020\/09\/7882E871-F1A0-4022-83C4-A087EF234D63.jpeg\" alt=\"\"\/>\n  \n  \n  \n<\/div>\n<div class=\"rsContent\">\n  <img class=\"rsImg\" src=\"https:\/\/www.unifr.ch\/alma-georges\/wp-content\/uploads\/2020\/09\/IMG_5192-1024x768.jpeg\" data-rsBigImg=\"https:\/\/www.unifr.ch\/alma-georges\/wp-content\/uploads\/2020\/09\/IMG_5192.jpeg\" alt=\"\"\/>\n  \n  \n  \n<\/div>\n\n<\/div>\n\n<div class=\"clear\" style=\"height:20px\"><\/div>\n<p><strong>Que fait le Jardin botanique pour y rem\u00e9dier?<br \/>\n<\/strong>Depuis le d\u00e9but des ann\u00e9es 1980, notre \u00e9quipe collabore avec les autorit\u00e9s locales et f\u00e9d\u00e9rales, puis avec InfoFlora, qui coordonne la conservation \u00e0 l\u2019\u00e9chelle suisse; \u00e0 ce jour, nous avons travaill\u00e9 sur une vingtaine d\u2019esp\u00e8ces prioritaires. Avec ses milieux tr\u00e8s vari\u00e9s, des Pr\u00e9alpes au lac de Neuch\u00e2tel, Fribourg abrite un grand nombre d\u2019esp\u00e8ces menac\u00e9es. Le N\u00e9nuphar nain, par exemple, ne subsiste que dans quatre lacs en Suisse, dont deux dans le canton. Nous avons aussi les plus grandes populations de Panicaut des Alpes. On est g\u00e2t\u00e9s\u2026 et stress\u00e9s, car il y a beaucoup \u00e0 faire!<\/p>\n<div class=\"clear\" style=\"height:20px\"><\/div>\n<span style=\"color: #ff6600;\">__________<\/span><\/p>\n<div class=\"clear\" style=\"height:20px\"><\/div>\n<ul>\n<li>Exposition bilingue (fr\/all) en plein air du 10 septembre 2020 au 31 octobre 2021. Ouvert tous les jours de 8h00 \u00e0 18h00 (novembre \u00e0 mars : 8h00 \u00e017h00). Entr\u00e9e libre. Vernissage mercredi 9 septembre \u00e0 18h30 (Pavillon vert).<br \/>\n<a href=\"http:\/\/www3.unifr.ch\/jardin-botanique\" target=\"_blank\" rel=\"noopener noreferrer\">Jardin botanique<\/a> de l\u2019Universit\u00e9 de Fribourg, ch. du Mus\u00e9e 10, 1700 Fribourg. 026 300 88 86 | Facebook: <a href=\"https:\/\/www.facebook.com\/jardinbotaniquefribourg\" target=\"_blank\" rel=\"noopener noreferrer\">jardinbotaniquefribourg<\/a> | Instagram: <a href=\"https:\/\/www.instagram.com\/jardinbot\/?hl=fr\" target=\"_blank\" rel=\"noopener noreferrer\">jardinbot<\/a><\/li>\n<li>Une exposition partenaire a lieu aux m\u00eames dates aux <a href=\"http:\/\/www.botanique.vd.ch\" target=\"_blank\" rel=\"noopener noreferrer\">Mus\u00e9e et \u00a0jardins botaniques de Lausanne et de Pont-de-Nant<\/a> (VD).<\/li>\n<li>Le catalogue de l\u2019exposition est publi\u00e9 aux Editions Haupt (en fr.\/all.): <em><a href=\"https:\/\/www.haupt.ch\/index.php?lang=0&amp;cl=search&amp;searchparam=tr%C3%A9sor+v%C3%A9g%C3%A9tal\" target=\"_blank\" rel=\"noopener noreferrer\">Tr\u00e9sor v\u00e9g\u00e9tal. Comment sauvegarder nos plantes menac\u00e9es<\/a><\/em> | <a href=\"https:\/\/www.haupt.ch\/index.php?cl=d3_d3vlbrestapi_details&amp;anid=8a598ac976f34171a1741e9e5f9fa59c&amp;title=Botanischer%20Schatz&amp;restid=8a598ac976f34171a1741e9e5f9fa59c&amp;listtype=d3_d3vlbrestapi_search&amp;\" target=\"_blank\" rel=\"noopener noreferrer\"><em>Botanischer Schatz. Wie man bedrohte Pflanzen vor dem Aussterben rette<\/em>t<\/a>, de Fran\u00e7ois Felber, Vincent Guerra, S\u00e9bastien B\u00e9trisey et Gregor Kozlowski, Ed. Haupt, 112 pp, en vente au Jardin et en librairie (18 frs).<\/li>\n<li>Cet article a \u00e9t\u00e9 publi\u00e9 en juillet 2020 dans Nymphea, le Bulletin de l\u2019<a href=\"https:\/\/www3.unifr.ch\/jardin-botanique\/fr\/association-des-amis-du-jardin-botanique\/\" target=\"_blank\" rel=\"noopener noreferrer\">Association des Amis du Jardin botanique de Fribourg<\/a>.<\/li>\n<\/ul>\n<div class=\"clear\" style=\"height:20px\"><\/div>\n<div class=\"clear\" style=\"height:20px\"><\/div>\n","protected":false},"excerpt":{"rendered":"<p>Jusqu\u2019en automne 2021, le Jardin botanique de l\u2019Universit\u00e9 de Fribourg pr\u00e9sente l\u2019exposition en plein air \u00abTr\u00e9sor v\u00e9g\u00e9tal: comment sauvegarder nos plantes menac\u00e9es\u00bb. Interview du Professeur Gregor Kozlowski, directeur du Jardin.\u00a0 Pr\u00e8s d\u2019un tiers des esp\u00e8ces de Suisse risquent de dispara\u00eetre. Pourquoi certaines plantes sont-elles menac\u00e9es? Que pouvons-nous faire pour les pr\u00e9server? A partir du 10 septembre 2020, le Jardin botanique de l\u2019Universit\u00e9 de Fribourg accueille l\u2019exposition \u00abTr\u00e9sor v\u00e9g\u00e9tal. Comment sauvegarder nos plantes menac\u00e9es\u00bb | \u00abBotanischer Schatz. Wie man bedrohte Pflanzen vor dem Aussterben rettet\u00bb. Au moyen de sept mots cl\u00e9s \u2013 observer, suivre, l\u00e9gif\u00e9rer, \u00e9valuer, \u00e9tudier, conserver et pr\u00e9dire \u2013<\/p>\n","protected":false},"author":55,"featured_media":11412,"comment_status":"open","ping_status":"closed","sticky":true,"template":"","format":"standard","meta":{"footnotes":""},"categories":[91,79,75],"tags":[421,1155,907,1193,299,768,138],"_links":{"self":[{"href":"https:\/\/www.unifr.ch\/alma-georges\/wp-json\/wp\/v2\/posts\/11394"}],"collection":[{"href":"https:\/\/www.unifr.ch\/alma-georges\/wp-json\/wp\/v2\/posts"}],"about":[{"href":"https:\/\/www.unifr.ch\/alma-georges\/wp-json\/wp\/v2\/types\/post"}],"author":[{"embeddable":true,"href":"https:\/\/www.unifr.ch\/alma-georges\/wp-json\/wp\/v2\/users\/55"}],"replies":[{"embeddable":true,"href":"https:\/\/www.unifr.ch\/alma-georges\/wp-json\/wp\/v2\/comments?post=11394"}],"version-history":[{"count":13,"href":"https:\/\/www.unifr.ch\/alma-georges\/wp-json\/wp\/v2\/posts\/11394\/revisions"}],"predecessor-version":[{"id":12025,"href":"https:\/\/www.unifr.ch\/alma-georges\/wp-json\/wp\/v2\/posts\/11394\/revisions\/12025"}],"wp:featuredmedia":[{"embeddable":true,"href":"https:\/\/www.unifr.ch\/alma-georges\/wp-json\/wp\/v2\/media\/11412"}],"wp:attachment":[{"href":"https:\/\/www.unifr.ch\/alma-georges\/wp-json\/wp\/v2\/media?parent=11394"}],"wp:term":[{"taxonomy":"category","embeddable":true,"href":"https:\/\/www.unifr.ch\/alma-georges\/wp-json\/wp\/v2\/categories?post=11394"},{"taxonomy":"post_tag","embeddable":true,"href":"https:\/\/www.unifr.ch\/alma-georges\/wp-json\/wp\/v2\/tags?post=11394"}],"curies":[{"name":"wp","href":"https:\/\/api.w.org\/{rel}","templated":true}]}}