{"id":11063,"date":"2020-05-20T06:52:14","date_gmt":"2020-05-20T05:52:14","guid":{"rendered":"https:\/\/www3.unifr.ch\/alma-georges?p=11063"},"modified":"2020-07-08T07:41:04","modified_gmt":"2020-07-08T06:41:04","slug":"excursion-a-la-mecque-des-orchidees","status":"publish","type":"post","link":"https:\/\/www.unifr.ch\/alma-georges\/articles\/2020\/excursion-a-la-mecque-des-orchidees","title":{"rendered":"Excursion \u00e0 \u00ab\u00a0La Mecque\u00a0\u00bb des orchid\u00e9es"},"content":{"rendered":"<h4><strong>On les croit exotiques, mais elles sont bien de chez nous, \u00e0 d\u00e9faut d&rsquo;\u00eatre toujours bien chez nous. Les orchid\u00e9es pullulent sur le Mont Vully, en d\u00e9pit de la menace des plantes invasives et de l&rsquo;activit\u00e9 humaine. Gregor Kozlowski, directeur du jardin botanique de l&rsquo;Universit\u00e9 de Fribourg, nous emm\u00e8ne \u00e0 la d\u00e9couverte de ces fleurs fascinantes. Attention, \u00e0 ne toucher qu&rsquo;avec un regard appuy\u00e9, les orchid\u00e9es sont prot\u00e9g\u00e9es!<\/strong><\/h4>\n<h4><strong><div class=\"clear\" style=\"height:20px\"><\/div><\/strong><\/h4>\n<p><iframe loading=\"lazy\" src=\"https:\/\/www.youtube.com\/embed\/B9vMi9ZLGJ8\" width=\"560\" height=\"315\" frameborder=\"0\" allowfullscreen=\"allowfullscreen\"><\/iframe><\/p>\n<div class=\"clear\" style=\"height:20px\"><\/div>\n<span style=\"color: #ff6600;\">_________<\/span><\/p>\n<div class=\"clear\" style=\"height:20px\"><\/div>\n<ul>\n<li><a href=\"http:\/\/www3.unifr.ch\/jardin-botanique\/fr\/\">Jardin botanique<\/a><\/li>\n<\/ul>\n<p>&nbsp;<\/p>\n","protected":false},"excerpt":{"rendered":"<p>On les croit exotiques, mais elles sont bien de chez nous, \u00e0 d\u00e9faut d&rsquo;\u00eatre toujours bien chez nous. Les orchid\u00e9es pullulent sur le Mont Vully, en d\u00e9pit de la menace des plantes invasives et de l&rsquo;activit\u00e9 humaine. Gregor Kozlowski, directeur du jardin botanique de l&rsquo;Universit\u00e9 de Fribourg, nous emm\u00e8ne \u00e0 la d\u00e9couverte de ces fleurs fascinantes. Attention, \u00e0 ne toucher qu&rsquo;avec un regard appuy\u00e9, les orchid\u00e9es sont prot\u00e9g\u00e9es! _________ Jardin botanique &nbsp;<\/p>\n","protected":false},"author":13,"featured_media":11064,"comment_status":"open","ping_status":"closed","sticky":true,"template":"","format":"standard","meta":{"footnotes":""},"categories":[80,75],"tags":[421,1155,299],"_links":{"self":[{"href":"https:\/\/www.unifr.ch\/alma-georges\/wp-json\/wp\/v2\/posts\/11063"}],"collection":[{"href":"https:\/\/www.unifr.ch\/alma-georges\/wp-json\/wp\/v2\/posts"}],"about":[{"href":"https:\/\/www.unifr.ch\/alma-georges\/wp-json\/wp\/v2\/types\/post"}],"author":[{"embeddable":true,"href":"https:\/\/www.unifr.ch\/alma-georges\/wp-json\/wp\/v2\/users\/13"}],"replies":[{"embeddable":true,"href":"https:\/\/www.unifr.ch\/alma-georges\/wp-json\/wp\/v2\/comments?post=11063"}],"version-history":[{"count":3,"href":"https:\/\/www.unifr.ch\/alma-georges\/wp-json\/wp\/v2\/posts\/11063\/revisions"}],"predecessor-version":[{"id":11070,"href":"https:\/\/www.unifr.ch\/alma-georges\/wp-json\/wp\/v2\/posts\/11063\/revisions\/11070"}],"wp:featuredmedia":[{"embeddable":true,"href":"https:\/\/www.unifr.ch\/alma-georges\/wp-json\/wp\/v2\/media\/11064"}],"wp:attachment":[{"href":"https:\/\/www.unifr.ch\/alma-georges\/wp-json\/wp\/v2\/media?parent=11063"}],"wp:term":[{"taxonomy":"category","embeddable":true,"href":"https:\/\/www.unifr.ch\/alma-georges\/wp-json\/wp\/v2\/categories?post=11063"},{"taxonomy":"post_tag","embeddable":true,"href":"https:\/\/www.unifr.ch\/alma-georges\/wp-json\/wp\/v2\/tags?post=11063"}],"curies":[{"name":"wp","href":"https:\/\/api.w.org\/{rel}","templated":true}]}}