{"id":10778,"date":"2020-04-15T09:17:07","date_gmt":"2020-04-15T08:17:07","guid":{"rendered":"https:\/\/www3.unifr.ch\/alma-georges?p=10778"},"modified":"2020-07-08T07:42:26","modified_gmt":"2020-07-08T06:42:26","slug":"auf-freiburgs-kolonialen-spuren","status":"publish","type":"post","link":"https:\/\/www.unifr.ch\/alma-georges\/articles\/2020\/auf-freiburgs-kolonialen-spuren","title":{"rendered":"Auf Freiburgs kolonialen Spuren"},"content":{"rendered":"<h4><strong>Drei junge Studentinnen erforschten k\u00fcrzlich die koloniale Vergangenheit des Kantons Freiburg. Sie und Linda Ratschiller vom Departement f\u00fcr Zeitgeschichte erkl\u00e4ren in unserer Reportage, warum uns das auch heute stark betrifft und die Diskussionen nicht aufh\u00f6ren d\u00fcrfen.\u00a0<\/strong><\/h4>\n<div class=\"clear\" style=\"height:20px\"><\/div>\n<p><iframe loading=\"lazy\" src=\"https:\/\/www.youtube.com\/embed\/xEAjV6qze-E\" width=\"560\" height=\"315\" frameborder=\"0\" allowfullscreen=\"allowfullscreen\"><\/iframe><\/p>\n<div class=\"clear\" style=\"height:20px\"><\/div>\n<p><span style=\"color: #ff6600;\">_________<\/span><\/p>\n<ul>\n<li><a href=\"https:\/\/www3.unifr.ch\/histcont\/de\/\">Departement f\u00fcr Zeitgeschichte<\/a><\/li>\n<li><a href=\"https:\/\/www.fr.ch\/de\/staf\">Staatsarchiv Freiburg StAF<\/a><\/li>\n<\/ul>\n","protected":false},"excerpt":{"rendered":"<p>Drei junge Studentinnen erforschten k\u00fcrzlich die koloniale Vergangenheit des Kantons Freiburg. Sie und Linda Ratschiller vom Departement f\u00fcr Zeitgeschichte erkl\u00e4ren in unserer Reportage, warum uns das auch heute stark betrifft und die Diskussionen nicht aufh\u00f6ren d\u00fcrfen.\u00a0 _________ Departement f\u00fcr Zeitgeschichte Staatsarchiv Freiburg StAF<\/p>\n","protected":false},"author":13,"featured_media":10781,"comment_status":"open","ping_status":"closed","sticky":true,"template":"","format":"standard","meta":{"footnotes":""},"categories":[80,115,75],"tags":[749,1292,1262],"_links":{"self":[{"href":"https:\/\/www.unifr.ch\/alma-georges\/wp-json\/wp\/v2\/posts\/10778"}],"collection":[{"href":"https:\/\/www.unifr.ch\/alma-georges\/wp-json\/wp\/v2\/posts"}],"about":[{"href":"https:\/\/www.unifr.ch\/alma-georges\/wp-json\/wp\/v2\/types\/post"}],"author":[{"embeddable":true,"href":"https:\/\/www.unifr.ch\/alma-georges\/wp-json\/wp\/v2\/users\/13"}],"replies":[{"embeddable":true,"href":"https:\/\/www.unifr.ch\/alma-georges\/wp-json\/wp\/v2\/comments?post=10778"}],"version-history":[{"count":1,"href":"https:\/\/www.unifr.ch\/alma-georges\/wp-json\/wp\/v2\/posts\/10778\/revisions"}],"predecessor-version":[{"id":10779,"href":"https:\/\/www.unifr.ch\/alma-georges\/wp-json\/wp\/v2\/posts\/10778\/revisions\/10779"}],"wp:featuredmedia":[{"embeddable":true,"href":"https:\/\/www.unifr.ch\/alma-georges\/wp-json\/wp\/v2\/media\/10781"}],"wp:attachment":[{"href":"https:\/\/www.unifr.ch\/alma-georges\/wp-json\/wp\/v2\/media?parent=10778"}],"wp:term":[{"taxonomy":"category","embeddable":true,"href":"https:\/\/www.unifr.ch\/alma-georges\/wp-json\/wp\/v2\/categories?post=10778"},{"taxonomy":"post_tag","embeddable":true,"href":"https:\/\/www.unifr.ch\/alma-georges\/wp-json\/wp\/v2\/tags?post=10778"}],"curies":[{"name":"wp","href":"https:\/\/api.w.org\/{rel}","templated":true}]}}