{"id":10706,"date":"2020-04-06T16:17:44","date_gmt":"2020-04-06T15:17:44","guid":{"rendered":"https:\/\/www3.unifr.ch\/alma-georges?p=10706"},"modified":"2020-04-06T16:17:44","modified_gmt":"2020-04-06T15:17:44","slug":"covid19-vous-ne-sentez-plus-rien-consultez","status":"publish","type":"post","link":"https:\/\/www.unifr.ch\/alma-georges\/articles\/2020\/covid19-vous-ne-sentez-plus-rien-consultez","title":{"rendered":"COVID19: Vous ne sentez plus rien? Consultez!"},"content":{"rendered":"<h4><strong>Pertes de l\u2019odorat et du go\u00fbt sont deux sympt\u00f4mes aujourd\u2019hui \u00e9troitement li\u00e9s au COVID19. Le 22 mars dernier, avant que les m\u00e9dias ne les relaient largement, Yann Ravussin, ma\u00eetre-assistant au D\u00e9partement de m\u00e9decine de l\u2019Unifr et le Professeur Jean-Fran\u00e7ois Gauthier, endocrinologue \u00e0 l\u2019H\u00f4pital Lariboisi\u00e8re de Paris, proposaient leur observations de terrain \u00e0 la revue <em>Obesity Journal<\/em>.<\/strong><\/h4>\n<div class=\"clear\" style=\"height:20px\"><\/div>\n<p><a href=\"https:\/\/www.unifr.ch\/alma-georges\/wp-content\/uploads\/2020\/04\/Unknown.jpeg\"><img decoding=\"async\" loading=\"lazy\" class=\"alignleft wp-image-10709\" src=\"https:\/\/www.unifr.ch\/alma-georges\/wp-content\/uploads\/2020\/04\/Unknown-577x1024.jpeg\" alt=\"\" width=\"142\" height=\"253\" srcset=\"https:\/\/www.unifr.ch\/alma-georges\/wp-content\/uploads\/2020\/04\/Unknown-577x1024.jpeg 577w, https:\/\/www.unifr.ch\/alma-georges\/wp-content\/uploads\/2020\/04\/Unknown-169x300.jpeg 169w, https:\/\/www.unifr.ch\/alma-georges\/wp-content\/uploads\/2020\/04\/Unknown.jpeg 640w\" sizes=\"(max-width: 142px) 100vw, 142px\" \/><\/a>Il y a quelques semaines, Yann Ravussin, chercheur dans le domaine de l\u2019ob\u00e9sit\u00e9, ressent soudain une grande fatigue et de forts maux de t\u00eate, accompagn\u00e9s d\u2019une perte du go\u00fbt et de l\u2019odorat. Ne pr\u00e9sentant alors ni fi\u00e8vre, ni toux, ni probl\u00e8mes respiratoires, il n\u2019est pas consid\u00e9r\u00e9 comme personne \u00e0 risque et donc pas \u00e9ligible pour un test COVID19. R\u00e9alisant tout de m\u00eame que ces sympt\u00f4mes sont fr\u00e9quemment report\u00e9s, il prend contact avec de nombreux sp\u00e9cialistes pour confirmer ses soup\u00e7ons.<\/p>\n<p><strong>Sympt\u00f4mes ignor\u00e9s en Chine<br \/>\n<\/strong>De son c\u00f4t\u00e9, le Prof. Gauthier, sp\u00e9cialiste en diab\u00e8te et en endocrinologie, transforme ses lits de l\u2019H\u00f4pital Lariboisi\u00e8re en unit\u00e9 d\u00e9di\u00e9e au COVID19 d\u00e8s le d\u00e9but de l\u2019\u00e9pid\u00e9mie. Au contact quotidien avec les patients et d\u2019autres m\u00e9decins, il r\u00e9alise rapidement que la perte soudaine d\u2019odorat (anosmie) et de go\u00fbt (agueusie) sont r\u00e9currents chez les patients test\u00e9s positifs, voire sont parfois\u00a0 les seuls sympt\u00f4mes, alors m\u00eame qu\u2019ils ne semblaient pas pr\u00e9valents, ou que peu report\u00e9s en Chine.<\/p>\n<p><strong>Attirer l\u2019attention<br \/>\n<\/strong>Tous deux d\u00e9cident alors de r\u00e9diger une lettre au r\u00e9dacteur en chef de la revue Obesity Journal.\u00a0\u00abJ\u2019ai contact\u00e9 cinq travailleurs m\u00e9dicaux de premi\u00e8re ligne que je connais personnellement en France, en Italie, aux Etats-Unis et au Br\u00e9sil, explique Yann Ravussin. Ils ont tous d\u00e9clar\u00e9 que ces sympt\u00f4mes \u00e9taient souvent signal\u00e9s. Notre lettre avait pour but d&rsquo;essayer de relayer plus largement cette information, en particulier aux personnes qui vivent avec l&rsquo;ob\u00e9sit\u00e9, car cette comorbidit\u00e9 semble \u00eatre un facteur pr\u00e9disposant \u00e0 de plus mauvais r\u00e9sultats cliniques. J&rsquo;ai alors re\u00e7u la confirmation de m\u00e9decins fran\u00e7ais qu&rsquo;ils utilisaient la perte de l&rsquo;odorat et\/ou du go\u00fbt comme un r\u00e9sultat positif quasi certain pour le COVID19.\u00bb<\/p>\n<p><strong>Mieux comprendre la maladie<br \/>\n<\/strong>Yann Ravussin, aujourd\u2019hui compl\u00e8tement gu\u00e9ri, est heureux d\u2019avoir tir\u00e9 la sonnette d\u2019alarme. Suite \u00e0 la publication de la lettre, il a nou\u00e9 des contacts avec plusieurs institutions, dont l&rsquo;Universit\u00e9 de Columbia, pour essayer d&rsquo;aider \u00e0 l&rsquo;organisation scientifique de la collecte de donn\u00e9es aupr\u00e8s des h\u00f4pitaux afin de mieux comprendre la maladie. Et de conclure: \u00abCes sympt\u00f4mes devraient \u00eatre consid\u00e9r\u00e9s par le grand public comme des indicateurs importants pour d\u00e9terminer s&rsquo;ils doivent \u00eatre test\u00e9s et renforcer l&rsquo;isolement social ou les mesures de distanciation.\u00bb<\/p>\n<div class=\"clear\" style=\"height:20px\"><\/div>\n<span style=\"color: #ff6600;\">__________<\/span><\/p>\n<ul>\n<li><a href=\"https:\/\/www3.unifr.ch\/directory\/en\/people\/311959\/97ddf\" target=\"_blank\" rel=\"noopener noreferrer\">Profil<\/a> de Yann Ravussin<\/li>\n<li><a href=\"https:\/\/onlinelibrary.wiley.com\/doi\/epdf\/10.1002\/oby.22809\" target=\"_blank\" rel=\"noopener noreferrer\">Article<\/a> original publi\u00e9 dans <em>Obesity Journal<\/em><\/li>\n<\/ul>\n<p>&nbsp;<\/p>\n","protected":false},"excerpt":{"rendered":"<p>Pertes de l\u2019odorat et du go\u00fbt sont deux sympt\u00f4mes aujourd\u2019hui \u00e9troitement li\u00e9s au COVID19. Le 22 mars dernier, avant que les m\u00e9dias ne les relaient largement, Yann Ravussin, ma\u00eetre-assistant au D\u00e9partement de m\u00e9decine de l\u2019Unifr et le Professeur Jean-Fran\u00e7ois Gauthier, endocrinologue \u00e0 l\u2019H\u00f4pital Lariboisi\u00e8re de Paris, proposaient leur observations de terrain \u00e0 la revue Obesity Journal. Il y a quelques semaines, Yann Ravussin, chercheur dans le domaine de l\u2019ob\u00e9sit\u00e9, ressent soudain une grande fatigue et de forts maux de t\u00eate, accompagn\u00e9s d\u2019une perte du go\u00fbt et de l\u2019odorat. Ne pr\u00e9sentant alors ni fi\u00e8vre, ni toux, ni probl\u00e8mes respiratoires, il n\u2019est<\/p>\n","protected":false},"author":6,"featured_media":10708,"comment_status":"open","ping_status":"closed","sticky":true,"template":"","format":"standard","meta":{"footnotes":""},"categories":[79,75],"tags":[132,138],"_links":{"self":[{"href":"https:\/\/www.unifr.ch\/alma-georges\/wp-json\/wp\/v2\/posts\/10706"}],"collection":[{"href":"https:\/\/www.unifr.ch\/alma-georges\/wp-json\/wp\/v2\/posts"}],"about":[{"href":"https:\/\/www.unifr.ch\/alma-georges\/wp-json\/wp\/v2\/types\/post"}],"author":[{"embeddable":true,"href":"https:\/\/www.unifr.ch\/alma-georges\/wp-json\/wp\/v2\/users\/6"}],"replies":[{"embeddable":true,"href":"https:\/\/www.unifr.ch\/alma-georges\/wp-json\/wp\/v2\/comments?post=10706"}],"version-history":[{"count":3,"href":"https:\/\/www.unifr.ch\/alma-georges\/wp-json\/wp\/v2\/posts\/10706\/revisions"}],"predecessor-version":[{"id":10729,"href":"https:\/\/www.unifr.ch\/alma-georges\/wp-json\/wp\/v2\/posts\/10706\/revisions\/10729"}],"wp:featuredmedia":[{"embeddable":true,"href":"https:\/\/www.unifr.ch\/alma-georges\/wp-json\/wp\/v2\/media\/10708"}],"wp:attachment":[{"href":"https:\/\/www.unifr.ch\/alma-georges\/wp-json\/wp\/v2\/media?parent=10706"}],"wp:term":[{"taxonomy":"category","embeddable":true,"href":"https:\/\/www.unifr.ch\/alma-georges\/wp-json\/wp\/v2\/categories?post=10706"},{"taxonomy":"post_tag","embeddable":true,"href":"https:\/\/www.unifr.ch\/alma-georges\/wp-json\/wp\/v2\/tags?post=10706"}],"curies":[{"name":"wp","href":"https:\/\/api.w.org\/{rel}","templated":true}]}}