{"id":10659,"date":"2020-03-27T14:30:20","date_gmt":"2020-03-27T13:30:20","guid":{"rendered":"https:\/\/www3.unifr.ch\/alma-georges?p=10659"},"modified":"2020-03-31T13:36:20","modified_gmt":"2020-03-31T12:36:20","slug":"job-verloren-keine-angst-vor-uni-social","status":"publish","type":"post","link":"https:\/\/www.unifr.ch\/alma-georges\/articles\/2020\/job-verloren-keine-angst-vor-uni-social","title":{"rendered":"Job verloren? Keine Angst vor Uni-Social!"},"content":{"rendered":"<h4><strong>Vor lauter Sorge um die betagte Bev\u00f6lkerung ging die Jugend bislang fast vergessen. Die wirtschaftlichen Folgen der Coronapandemie treffen sie aber kn\u00fcppelhart. Die Dienststelle Uni-Social unterst\u00fctzt Studierende in Form von finanziellen Beihilfen und bei pers\u00f6nlichen Schwierigkeiten.<\/strong><\/h4>\n<div class=\"clear\" style=\"height:20px\"><\/div>\n<p><strong>Frau Linder, ich nehme an, die Anfragen nach Studienbeihilfen sind in Coronazeiten am Explodieren. K\u00f6nnen Sie noch alle betreuen?<br \/>\n<\/strong>Wir beantworten s\u00e4mtliche Gesuche innert n\u00fctzlicher Frist. Schnelle und pragmatische L\u00f6sungen werden wo immer m\u00f6glich gesucht, um den Studierenden bestm\u00f6glich finanziell zu helfen. Eine Professionelle Betreuung ist auch in dieser ausserordentlichen Situation gew\u00e4hrleistet.<\/p>\n<p><strong>Wie findet der Austausch nun statt, wo alle R\u00e4umlichkeiten der Universit\u00e4t geschlossen sind?<\/strong><br \/>\nGesuche k\u00f6nnen jederzeit an <a href=\"mailto:uni-social@unifr.ch\">uni-social@unifr.ch<\/a> gesendet werden. Abkl\u00e4rungs- und Beratungsgespr\u00e4che f\u00fchren wir per Skype oder Telefon und passen uns wo immer m\u00f6glich flexibel den Umst\u00e4nden an.<\/p>\n<p><strong>Was ist momentan Ihre gr\u00f6sste Sorge?<br \/>\n<\/strong>Es w\u00e4re tragisch, wenn Studierende aufgrund der Coronakrise und ihren damit einhergehenden finanziellen Schwierigkeiten das Studium abbrechen m\u00fcssten. Soweit wollen wir es nicht kommen lassen. Uni-Social kann helfen! Wir tun alles daf\u00fcr, dass es an der Universit\u00e4t Freiburg keine durch die Pandemie entstandene \u00f6konomische Zugangsbeschr\u00e4nkungen gibt.<\/p>\n<p><strong>Welchen speziellen Rat haben Sie f\u00fcr Studierende?<br \/>\n<\/strong>Haben Sie keine falschen Hemmungen. Meldet Sie sich jetzt!<\/p>\n<div class=\"clear\" style=\"height:20px\"><\/div>\n<span style=\"color: #ff9900;\">__________<\/span><br \/>\n<div class=\"clear\" style=\"height:20px\"><\/div>\n<ul>\n<li><a href=\"https:\/\/www3.unifr.ch\/uni\/de\/organisation\/acad\/uni-social\/dienstleistungen.html\">Website<\/a> Uni-Social<\/li>\n<li><a href=\"https:\/\/www3.unifr.ch\/uni\/fr\/organisation\/direction\/newsletter-interne\/articles\/19172\/zusammenarbeit-macht-erfinderisch?&amp;text=social\">Artikel<\/a> im Newsletter des Rektorats von Mai 2018<\/li>\n<li><a href=\"http:\/\/www.unifr.ch\/go\/coronavirus\">Website<\/a> Coronavirus<\/li>\n<\/ul>\n<div class=\"clear\" style=\"height:20px\"><\/div>\n<div class=\"clear\" style=\"height:20px\"><\/div>\n","protected":false},"excerpt":{"rendered":"<p>Vor lauter Sorge um die betagte Bev\u00f6lkerung ging die Jugend bislang fast vergessen. Die wirtschaftlichen Folgen der Coronapandemie treffen sie aber kn\u00fcppelhart. Die Dienststelle Uni-Social unterst\u00fctzt Studierende in Form von finanziellen Beihilfen und bei pers\u00f6nlichen Schwierigkeiten. Frau Linder, ich nehme an, die Anfragen nach Studienbeihilfen sind in Coronazeiten am Explodieren. K\u00f6nnen Sie noch alle betreuen? Wir beantworten s\u00e4mtliche Gesuche innert n\u00fctzlicher Frist. Schnelle und pragmatische L\u00f6sungen werden wo immer m\u00f6glich gesucht, um den Studierenden bestm\u00f6glich finanziell zu helfen. Eine Professionelle Betreuung ist auch in dieser ausserordentlichen Situation gew\u00e4hrleistet. Wie findet der Austausch nun statt, wo alle R\u00e4umlichkeiten der Universit\u00e4t geschlossen<\/p>\n","protected":false},"author":41,"featured_media":10653,"comment_status":"open","ping_status":"closed","sticky":true,"template":"","format":"standard","meta":{"footnotes":""},"categories":[115,81,75],"tags":[1254,340,1257],"_links":{"self":[{"href":"https:\/\/www.unifr.ch\/alma-georges\/wp-json\/wp\/v2\/posts\/10659"}],"collection":[{"href":"https:\/\/www.unifr.ch\/alma-georges\/wp-json\/wp\/v2\/posts"}],"about":[{"href":"https:\/\/www.unifr.ch\/alma-georges\/wp-json\/wp\/v2\/types\/post"}],"author":[{"embeddable":true,"href":"https:\/\/www.unifr.ch\/alma-georges\/wp-json\/wp\/v2\/users\/41"}],"replies":[{"embeddable":true,"href":"https:\/\/www.unifr.ch\/alma-georges\/wp-json\/wp\/v2\/comments?post=10659"}],"version-history":[{"count":1,"href":"https:\/\/www.unifr.ch\/alma-georges\/wp-json\/wp\/v2\/posts\/10659\/revisions"}],"predecessor-version":[{"id":10660,"href":"https:\/\/www.unifr.ch\/alma-georges\/wp-json\/wp\/v2\/posts\/10659\/revisions\/10660"}],"wp:featuredmedia":[{"embeddable":true,"href":"https:\/\/www.unifr.ch\/alma-georges\/wp-json\/wp\/v2\/media\/10653"}],"wp:attachment":[{"href":"https:\/\/www.unifr.ch\/alma-georges\/wp-json\/wp\/v2\/media?parent=10659"}],"wp:term":[{"taxonomy":"category","embeddable":true,"href":"https:\/\/www.unifr.ch\/alma-georges\/wp-json\/wp\/v2\/categories?post=10659"},{"taxonomy":"post_tag","embeddable":true,"href":"https:\/\/www.unifr.ch\/alma-georges\/wp-json\/wp\/v2\/tags?post=10659"}],"curies":[{"name":"wp","href":"https:\/\/api.w.org\/{rel}","templated":true}]}}