{"id":10190,"date":"2020-02-25T08:35:02","date_gmt":"2020-02-25T07:35:02","guid":{"rendered":"https:\/\/www3.unifr.ch\/alma-georges?p=10190"},"modified":"2020-03-04T14:14:35","modified_gmt":"2020-03-04T13:14:35","slug":"ces-etudiant%c2%b7e%c2%b7s-qui-font-luni-laura","status":"publish","type":"post","link":"https:\/\/www.unifr.ch\/alma-georges\/articles\/2020\/ces-etudiant%c2%b7e%c2%b7s-qui-font-luni-laura","title":{"rendered":"Ces \u00e9tudiant\u00b7e\u00b7s qui font l\u2019uni: Laura (5\/13)"},"content":{"rendered":"<h4><strong>Quand elle ne creuse pas le sol \u00e0 la recherche des vestiges du pass\u00e9, Laura creuse des sujets pour Unimix, la radio de l\u2019Unifr. Sa plus belle trouvaille? Le chanteur Henri D\u00e8s. <div class=\"clear\" style=\"height:20px\"><\/div><\/strong><\/h4>\n<p><strong>D\u2019o\u00f9 t\u2019es venue l\u2019id\u00e9e de t\u2019engager pour Unimix, la radio des \u00e9tudiants?<br \/>\n<\/strong>Le journalisme m\u2019a toujours int\u00e9ress\u00e9e, mais des personnes de ma famille travaillant dans ce milieu m\u2019ont un peu d\u00e9courag\u00e9e. J\u2019ai donc commenc\u00e9 les \u00e9tudes en arch\u00e9ologie, histoire et litt\u00e9rature anglaise. Le journalisme est rest\u00e9 un plan B.<\/p>\n<div id=\"attachment_10273\" style=\"width: 690px\" class=\"wp-caption alignright\"><a href=\"https:\/\/www.unifr.ch\/alma-georges\/wp-content\/uploads\/2020\/01\/DSC03894.jpg\"><img aria-describedby=\"caption-attachment-10273\" decoding=\"async\" loading=\"lazy\" class=\"wp-image-10273 size-large\" src=\"https:\/\/www.unifr.ch\/alma-georges\/wp-content\/uploads\/2020\/01\/DSC03894-1024x683.jpg\" alt=\"\" width=\"680\" height=\"454\" srcset=\"https:\/\/www.unifr.ch\/alma-georges\/wp-content\/uploads\/2020\/01\/DSC03894-1024x683.jpg 1024w, https:\/\/www.unifr.ch\/alma-georges\/wp-content\/uploads\/2020\/01\/DSC03894-300x200.jpg 300w, https:\/\/www.unifr.ch\/alma-georges\/wp-content\/uploads\/2020\/01\/DSC03894-768x512.jpg 768w\" sizes=\"(max-width: 680px) 100vw, 680px\" \/><\/a><p id=\"caption-attachment-10273\" class=\"wp-caption-text\">Laura, \u00e9tudiante en Master d\u2019arch\u00e9ologie.<\/p><\/div>\n<p><strong>Et pourquoi Unimix et pas Unicam ou Spectrum?<br \/>\n<\/strong>La t\u00e9l\u00e9, pas trop pour moi parce que je devrais m\u2019appr\u00eater, tandis qu\u2019\u00e0 la radio je peux venir en pyjama. (Rires) La presse \u00e9crite me semble moins appropri\u00e9e pour faire passer une \u00e9motion. En radio, on peut jouer avec la voix, avec des sons, qui apportent un petit truc en plus.<\/p>\n<p><strong>Penses-tu que les \u00e9tudiants \u00e9coutent encore la radio?<br \/>\n<\/strong>On n\u2019\u00e9coute plus la musique en bruit de fond, je pense, mais on choisit des \u00e9missions sp\u00e9cifiques, notamment gr\u00e2ce \u00e0 Couleur 3 qui a remis au go\u00fbt du jour la radio chez les jeunes, en particulier avec Yann Marguet, Vincent Veillon et Vincent Kucholl. Leurs chroniques plaisent \u00e9norm\u00e9ment. Les gens s\u2019y reconnaissent. C\u2019est inspirant.<\/p>\n<p><strong>Avant d\u2019\u00eatre pr\u00e9sidente, tu as \u00e9t\u00e9 r\u00e9dactrice en chef. Quel \u00e9tait ton style?<br \/>\n<\/strong>Je laissais les r\u00e9dacteurs assez libres, mais nous avons peut-\u00eatre mis\u00e9 un peu excessivement sur l\u2019humour. Radio Fribourg nous a rappel\u00e9 que nous n\u2019\u00e9tions pas Couleur 3. On a d\u00fb se calmer un peu.<\/p>\n<p><strong>Est-ce que cet engagement interf\u00e8re sur tes \u00e9tudes?<br \/>\n<\/strong>Oui, on ne compte pas les heures quand on est au comit\u00e9. \u00c7a a probablement prolong\u00e9 mes \u00e9tudes d\u2019un semestre, mais je ne le regrette pas. D\u00e9sormais, je vais tout de m\u00eame me reconcentrer sur mes \u00e9tudes.<\/p>\n<p><strong>Tu vas bient\u00f4t terminer l\u2019uni, vas-tu rester \u00e0 la pr\u00e9sidence jusqu\u2019au bout?<br \/>\n<\/strong>\u00c7a d\u00e9pendra de la personne qui souhaite me succ\u00e9der. J\u2019aimerais qu\u2019elle puisse garder la m\u00eame ligne.<\/p>\n<p><strong>Une rencontre marquante?<br \/>\n<\/strong>On a fait un live sur le th\u00e8me de l\u2019enfance pour lequel nous souhaitions faire venir Henri D\u00e8s \u00e0 Fribourg. Comme il a 80 ans, il a pr\u00e9f\u00e9r\u00e9 que l\u2019on vienne chez lui. C\u2019\u00e9tait \u00e9tonnant et \u00e7a a d\u00e9bouch\u00e9 sur une S-U-P-E-R-B-E rencontre. C\u2019\u00e9tait l\u2019idole de notre enfance, je me souviens de l\u2019avoir vu en concert \u00e0 l\u2019Aula Magna. Il est en pleine forme. C\u2019est un personnage incroyable. <div class=\"clear\" style=\"height:20px\"><\/div>\n<div style=\"background-color: orange; font-size: 100%; padding: 1em;\">\n<h3><strong>Questionnaire existentiel express<\/strong><\/h3>\n<p><strong>La vie d\u2019\u00e9tudiante, c\u2019est une vie&#8230;<\/strong><br \/>\n&#8230;de pur plaisir.<\/p>\n<p><strong>Dipl\u00f4me en poche, que feras-tu de ta vie?<\/strong><br \/>\nArch\u00e9ologue, j\u2019esp\u00e8re. Sinon? le journalisme.<\/p>\n<p><strong>Dans 20 ans, comment vois-tu ta vie?<\/strong><br \/>\nEntour\u00e9e de bonnes personnes.<\/p>\n<p><strong>Le r\u00eave de ta vie?<\/strong><br \/>\nUn r\u00eave ne suffit pas. Il faut en avoir toujours de nouveaux.<\/p>\n<p><strong>Le regret de ta vie?<\/strong><br \/>\nDe ne pas avoir commenc\u00e9 l\u2019arch\u00e9ologie plus t\u00f4t<\/p>\n<p><strong>Le sens de la vie?<\/strong><br \/>\nJe ne suis pas s\u00fbre qu\u2019il y en ait un.<\/p>\n<p><strong>Une devise pour la vie?<\/strong><br \/>\nProfiter de l\u2019instant pr\u00e9sent.<\/p>\n<p><strong>Sur ton lit de mort, en jetant un \u0153il dans le r\u00e9troviseur, tu te diras que ta vie c\u2019\u00e9tait quand m\u00eame\u2026<\/strong><br \/>\nC\u2019\u00e9tait quand m\u00eame vachement bien.<\/p>\n<\/div>\n<div class=\"clear\" style=\"height:20px\"><\/div>\n<span style=\"color: #ff6600;\">__________<\/span><\/p>\n<div class=\"clear\" style=\"height:20px\"><\/div>\n<ul>\n<li><a href=\"https:\/\/radiounimix.ch\/\" target=\"_blank\" rel=\"noopener noreferrer\"><span style=\"color: #000000;\">Unimix<\/span><\/a><\/li>\n<\/ul>\n","protected":false},"excerpt":{"rendered":"<p>Quand elle ne creuse pas le sol \u00e0 la recherche des vestiges du pass\u00e9, Laura creuse des sujets pour Unimix, la radio de l\u2019Unifr. Sa plus belle trouvaille? Le chanteur Henri D\u00e8s. D\u2019o\u00f9 t\u2019es venue l\u2019id\u00e9e de t\u2019engager pour Unimix, la radio des \u00e9tudiants? Le journalisme m\u2019a toujours int\u00e9ress\u00e9e, mais des personnes de ma famille travaillant dans ce milieu m\u2019ont un peu d\u00e9courag\u00e9e. J\u2019ai donc commenc\u00e9 les \u00e9tudes en arch\u00e9ologie, histoire et litt\u00e9rature anglaise. Le journalisme est rest\u00e9 un plan B. Et pourquoi Unimix et pas Unicam ou Spectrum? La t\u00e9l\u00e9, pas trop pour moi parce que je devrais m\u2019appr\u00eater,<\/p>\n","protected":false},"author":13,"featured_media":10282,"comment_status":"open","ping_status":"closed","sticky":true,"template":"","format":"standard","meta":{"footnotes":""},"categories":[196,86,75],"tags":[980,128,336],"_links":{"self":[{"href":"https:\/\/www.unifr.ch\/alma-georges\/wp-json\/wp\/v2\/posts\/10190"}],"collection":[{"href":"https:\/\/www.unifr.ch\/alma-georges\/wp-json\/wp\/v2\/posts"}],"about":[{"href":"https:\/\/www.unifr.ch\/alma-georges\/wp-json\/wp\/v2\/types\/post"}],"author":[{"embeddable":true,"href":"https:\/\/www.unifr.ch\/alma-georges\/wp-json\/wp\/v2\/users\/13"}],"replies":[{"embeddable":true,"href":"https:\/\/www.unifr.ch\/alma-georges\/wp-json\/wp\/v2\/comments?post=10190"}],"version-history":[{"count":11,"href":"https:\/\/www.unifr.ch\/alma-georges\/wp-json\/wp\/v2\/posts\/10190\/revisions"}],"predecessor-version":[{"id":10513,"href":"https:\/\/www.unifr.ch\/alma-georges\/wp-json\/wp\/v2\/posts\/10190\/revisions\/10513"}],"wp:featuredmedia":[{"embeddable":true,"href":"https:\/\/www.unifr.ch\/alma-georges\/wp-json\/wp\/v2\/media\/10282"}],"wp:attachment":[{"href":"https:\/\/www.unifr.ch\/alma-georges\/wp-json\/wp\/v2\/media?parent=10190"}],"wp:term":[{"taxonomy":"category","embeddable":true,"href":"https:\/\/www.unifr.ch\/alma-georges\/wp-json\/wp\/v2\/categories?post=10190"},{"taxonomy":"post_tag","embeddable":true,"href":"https:\/\/www.unifr.ch\/alma-georges\/wp-json\/wp\/v2\/tags?post=10190"}],"curies":[{"name":"wp","href":"https:\/\/api.w.org\/{rel}","templated":true}]}}