{"id":10072,"date":"2020-01-08T09:34:46","date_gmt":"2020-01-08T08:34:46","guid":{"rendered":"https:\/\/www3.unifr.ch\/alma-georges?p=10072"},"modified":"2020-01-08T09:34:46","modified_gmt":"2020-01-08T08:34:46","slug":"futur-en-tous-genres-ouvrir-tous-les-possibles","status":"publish","type":"post","link":"https:\/\/www.unifr.ch\/alma-georges\/articles\/2020\/futur-en-tous-genres-ouvrir-tous-les-possibles","title":{"rendered":"Futur en tous genres &#8211; Ouvrir tous les possibles"},"content":{"rendered":"<h4><strong>Le 14 novembre dernier, les enfants de 7H ont pris le chemin du boulot avec leurs parents. Comme chaque ann\u00e9e, l&rsquo;Unifr leur offrait un parcours matinal au travers des nombreuses professions qui s&rsquo;exercent dans notre institution.<\/strong><\/h4>\n<div class=\"clear\" style=\"height:20px\"><\/div>\n<p>Au programme, sur les sites de P\u00e9rolles et de Mis\u00e9ricorde: visite des mensas et de l&rsquo;imprimerie de l&rsquo;Universit\u00e9, cours d&rsquo;\u00e9gyptologie, s\u00e9ance de qigong et r\u00e9flexions sur le genre des m\u00e9tiers.<\/p>\n<div class=\"clear\" style=\"height:20px\"><\/div>\n<div id=\"new-royalslider-84\" class=\"royalSlider new-royalslider-84 rsUni rs-default-template\" style=\"width:100%;height:400px;;\" data-rs-options='{&quot;template&quot;:&quot;default&quot;,&quot;image_generation&quot;:{&quot;imageWidth&quot;:&quot;&quot;,&quot;imageHeight&quot;:&quot;&quot;,&quot;thumbImageWidth&quot;:&quot;&quot;,&quot;thumbImageHeight&quot;:&quot;&quot;},&quot;thumbs&quot;:{&quot;thumbWidth&quot;:96,&quot;thumbHeight&quot;:72},&quot;autoPlay&quot;:{&quot;enabled&quot;:&quot;true&quot;},&quot;fullscreen&quot;:{&quot;enabled&quot;:&quot;true&quot;},&quot;video&quot;:[],&quot;width&quot;:&quot;100%&quot;,&quot;height&quot;:&quot;400px&quot;}'>\n<div class=\"rsContent\">\n  <img class=\"rsImg\" src=\"https:\/\/www.unifr.ch\/alma-georges\/wp-content\/uploads\/2020\/01\/DSC02644-1024x683.jpeg\" data-rsBigImg=\"https:\/\/www.unifr.ch\/alma-georges\/wp-content\/uploads\/2020\/01\/DSC02644.jpeg\" alt=\"DSC02644\"\/>\n  \n  \n  \n<\/div>\n<div class=\"rsContent\">\n  <img class=\"rsImg\" src=\"https:\/\/www.unifr.ch\/alma-georges\/wp-content\/uploads\/2020\/01\/DSC02672-1024x653.jpeg\" data-rsBigImg=\"https:\/\/www.unifr.ch\/alma-georges\/wp-content\/uploads\/2020\/01\/DSC02672.jpeg\" alt=\"DSC02672\"\/>\n  \n  \n  \n<\/div>\n<div class=\"rsContent\">\n  <img class=\"rsImg\" src=\"https:\/\/www.unifr.ch\/alma-georges\/wp-content\/uploads\/2020\/01\/DSC02740-1024x683.jpeg\" data-rsBigImg=\"https:\/\/www.unifr.ch\/alma-georges\/wp-content\/uploads\/2020\/01\/DSC02740.jpeg\" alt=\"DSC02740\"\/>\n  \n  \n  \n<\/div>\n<div class=\"rsContent\">\n  <img class=\"rsImg\" src=\"https:\/\/www.unifr.ch\/alma-georges\/wp-content\/uploads\/2020\/01\/DSC02881-1024x683.jpeg\" data-rsBigImg=\"https:\/\/www.unifr.ch\/alma-georges\/wp-content\/uploads\/2020\/01\/DSC02881.jpeg\" alt=\"DSC02881\"\/>\n  \n  \n  \n<\/div>\n<div class=\"rsContent\">\n  <img class=\"rsImg\" src=\"https:\/\/www.unifr.ch\/alma-georges\/wp-content\/uploads\/2020\/01\/DSC02928-1024x670.jpeg\" data-rsBigImg=\"https:\/\/www.unifr.ch\/alma-georges\/wp-content\/uploads\/2020\/01\/DSC02928.jpeg\" alt=\"DSC02928\"\/>\n  \n  \n  \n<\/div>\n<div class=\"rsContent\">\n  <img class=\"rsImg\" src=\"https:\/\/www.unifr.ch\/alma-georges\/wp-content\/uploads\/2020\/01\/DSC02958-1024x683.jpeg\" data-rsBigImg=\"https:\/\/www.unifr.ch\/alma-georges\/wp-content\/uploads\/2020\/01\/DSC02958.jpeg\" alt=\"DSC02958\"\/>\n  \n  \n  \n<\/div>\n<div class=\"rsContent\">\n  <img class=\"rsImg\" src=\"https:\/\/www.unifr.ch\/alma-georges\/wp-content\/uploads\/2020\/01\/DSC03063-1024x709.jpeg\" data-rsBigImg=\"https:\/\/www.unifr.ch\/alma-georges\/wp-content\/uploads\/2020\/01\/DSC03063.jpeg\" alt=\"DSC03063\"\/>\n  \n  \n  \n<\/div>\n<div class=\"rsContent\">\n  <img class=\"rsImg\" src=\"https:\/\/www.unifr.ch\/alma-georges\/wp-content\/uploads\/2020\/01\/DSC03071-1024x683.jpeg\" data-rsBigImg=\"https:\/\/www.unifr.ch\/alma-georges\/wp-content\/uploads\/2020\/01\/DSC03071.jpeg\" alt=\"DSC03071\"\/>\n  \n  \n  \n<\/div>\n<div class=\"rsContent\">\n  <img class=\"rsImg\" src=\"https:\/\/www.unifr.ch\/alma-georges\/wp-content\/uploads\/2020\/01\/DSC03099-1024x647.jpeg\" data-rsBigImg=\"https:\/\/www.unifr.ch\/alma-georges\/wp-content\/uploads\/2020\/01\/DSC03099.jpeg\" alt=\"DSC03099\"\/>\n  \n  \n  \n<\/div>\n<div class=\"rsContent\">\n  <img class=\"rsImg\" src=\"https:\/\/www.unifr.ch\/alma-georges\/wp-content\/uploads\/2020\/01\/DSC03290-1024x683.jpeg\" data-rsBigImg=\"https:\/\/www.unifr.ch\/alma-georges\/wp-content\/uploads\/2020\/01\/DSC03290.jpeg\" alt=\"DSC03290\"\/>\n  \n  \n  \n<\/div>\n<div class=\"rsContent\">\n  <img class=\"rsImg\" src=\"https:\/\/www.unifr.ch\/alma-georges\/wp-content\/uploads\/2020\/01\/DSC03385-1024x683.jpeg\" data-rsBigImg=\"https:\/\/www.unifr.ch\/alma-georges\/wp-content\/uploads\/2020\/01\/DSC03385.jpeg\" alt=\"DSC03385\"\/>\n  \n  \n  \n<\/div>\n<div class=\"rsContent\">\n  <img class=\"rsImg\" src=\"https:\/\/www.unifr.ch\/alma-georges\/wp-content\/uploads\/2020\/01\/DSC03411-1024x689.jpeg\" data-rsBigImg=\"https:\/\/www.unifr.ch\/alma-georges\/wp-content\/uploads\/2020\/01\/DSC03411.jpeg\" alt=\"DSC03411\"\/>\n  \n  \n  \n<\/div>\n<div class=\"rsContent\">\n  <img class=\"rsImg\" src=\"https:\/\/www.unifr.ch\/alma-georges\/wp-content\/uploads\/2020\/01\/DSCN3197-1024x690.jpeg\" data-rsBigImg=\"https:\/\/www.unifr.ch\/alma-georges\/wp-content\/uploads\/2020\/01\/DSCN3197.jpeg\" alt=\"DSCN3197\"\/>\n  \n  \n  \n<\/div>\n<div class=\"rsContent\">\n  <img class=\"rsImg\" src=\"https:\/\/www.unifr.ch\/alma-georges\/wp-content\/uploads\/2020\/01\/DSCN3200-1024x719.jpeg\" data-rsBigImg=\"https:\/\/www.unifr.ch\/alma-georges\/wp-content\/uploads\/2020\/01\/DSCN3200.jpeg\" alt=\"DSCN3200\"\/>\n  \n  \n  \n<\/div>\n<div class=\"rsContent\">\n  <img class=\"rsImg\" src=\"https:\/\/www.unifr.ch\/alma-georges\/wp-content\/uploads\/2020\/01\/IMG_4563-1024x652.jpeg\" data-rsBigImg=\"https:\/\/www.unifr.ch\/alma-georges\/wp-content\/uploads\/2020\/01\/IMG_4563.jpeg\" alt=\"IMG_4563\"\/>\n  \n  \n  \n<\/div>\n<div class=\"rsContent\">\n  <img class=\"rsImg\" src=\"https:\/\/www.unifr.ch\/alma-georges\/wp-content\/uploads\/2020\/01\/IMG_4565-1024x607.jpeg\" data-rsBigImg=\"https:\/\/www.unifr.ch\/alma-georges\/wp-content\/uploads\/2020\/01\/IMG_4565.jpeg\" alt=\"IMG_4565\"\/>\n  \n  \n  \n<\/div>\n<div class=\"rsContent\">\n  <img class=\"rsImg\" src=\"https:\/\/www.unifr.ch\/alma-georges\/wp-content\/uploads\/2020\/01\/IMG_4589-1024x683.jpeg\" data-rsBigImg=\"https:\/\/www.unifr.ch\/alma-georges\/wp-content\/uploads\/2020\/01\/IMG_4589.jpeg\" alt=\"IMG_4589\"\/>\n  \n  \n  \n<\/div>\n<div class=\"rsContent\">\n  <img class=\"rsImg\" src=\"https:\/\/www.unifr.ch\/alma-georges\/wp-content\/uploads\/2020\/01\/IMG_4591-1024x625.jpeg\" data-rsBigImg=\"https:\/\/www.unifr.ch\/alma-georges\/wp-content\/uploads\/2020\/01\/IMG_4591.jpeg\" alt=\"IMG_4591\"\/>\n  \n  \n  \n<\/div>\n<div class=\"rsContent\">\n  <img class=\"rsImg\" src=\"https:\/\/www.unifr.ch\/alma-georges\/wp-content\/uploads\/2020\/01\/IMG_4598-1024x683.jpeg\" data-rsBigImg=\"https:\/\/www.unifr.ch\/alma-georges\/wp-content\/uploads\/2020\/01\/IMG_4598.jpeg\" alt=\"IMG_4598\"\/>\n  \n  \n  \n<\/div>\n<div class=\"rsContent\">\n  <img class=\"rsImg\" src=\"https:\/\/www.unifr.ch\/alma-georges\/wp-content\/uploads\/2020\/01\/IMG_4613-1024x683.jpeg\" data-rsBigImg=\"https:\/\/www.unifr.ch\/alma-georges\/wp-content\/uploads\/2020\/01\/IMG_4613.jpeg\" alt=\"IMG_4613\"\/>\n  \n  \n  \n<\/div>\n<div class=\"rsContent\">\n  <img class=\"rsImg\" src=\"https:\/\/www.unifr.ch\/alma-georges\/wp-content\/uploads\/2020\/01\/IMG_4624-1024x683.jpeg\" data-rsBigImg=\"https:\/\/www.unifr.ch\/alma-georges\/wp-content\/uploads\/2020\/01\/IMG_4624.jpeg\" alt=\"IMG_4624\"\/>\n  \n  \n  \n<\/div>\n\n<\/div>\n\n<div class=\"clear\" style=\"height:20px\"><\/div>\n<div class=\"clear\" style=\"height:20px\"><\/div>\n<div style=\"background-color: orange; font-size: 100%; padding: 1em;\">\n<p><strong>Le point de vue de Zakari<\/strong><\/p>\n<p>Zakari Khali, 11 ans, a suivi la visite matinale et l&rsquo;auteure de cet article &#8211; mais n\u00e9anmoins sa maman &#8211; durant l&rsquo;apr\u00e8s-midi: \u00abLa journ\u00e9e \u00e9tait tr\u00e8s chouette et les explications tr\u00e8s claires. Je me suis bien amus\u00e9.\u00bb Est-ce que la journ\u00e9e lui a ouvert des vocations? Tout reste ouvert: \u00abJe ne sais toujours pas ce que je ferai plus\u00a0 tard.\u00bb Pour compl\u00e9ter sa formation de journaliste en herbe, il a \u00e9t\u00e9 envoy\u00e9 en reportage photos. Il nous livre les cinq images de la journ\u00e9e qui l&rsquo;ont marqu\u00e9.<\/p>\n<div class=\"clear\" style=\"height:20px\"><\/div>\n<div id=\"new-royalslider-102\" class=\"royalSlider new-royalslider-102 rsUni rs-default-template\" style=\"width:100%;height:400px;;\" data-rs-options='{&quot;template&quot;:&quot;default&quot;,&quot;image_generation&quot;:{&quot;imageWidth&quot;:&quot;&quot;,&quot;imageHeight&quot;:&quot;&quot;,&quot;thumbImageWidth&quot;:&quot;&quot;,&quot;thumbImageHeight&quot;:&quot;&quot;},&quot;thumbs&quot;:{&quot;thumbWidth&quot;:96,&quot;thumbHeight&quot;:72},&quot;autoPlay&quot;:{&quot;enabled&quot;:&quot;true&quot;},&quot;fullscreen&quot;:{&quot;enabled&quot;:&quot;true&quot;},&quot;video&quot;:[],&quot;width&quot;:&quot;100%&quot;,&quot;height&quot;:&quot;400px&quot;,&quot;globalCaption&quot;:&quot;true&quot;}'>\n<div class=\"rsContent\">\n  <img class=\"rsImg\" src=\"https:\/\/www.unifr.ch\/alma-georges\/wp-content\/uploads\/2020\/01\/IMG_0270-1024x768.jpeg\" data-rsBigImg=\"https:\/\/www.unifr.ch\/alma-georges\/wp-content\/uploads\/2020\/01\/IMG_0270.jpeg\" alt=\"\u00abC&#039;est une sculpture en sucre cr\u00e9\u00e9e par l&#039;un des cuisiniers de la mensa. Je la trouve tr\u00e8s jolie.\u00bb.&quot;\"\/>\n  \n  \n  \n<\/div>\n<div class=\"rsContent\">\n  <img class=\"rsImg\" src=\"https:\/\/www.unifr.ch\/alma-georges\/wp-content\/uploads\/2020\/01\/IMG_0271-1024x768.jpeg\" data-rsBigImg=\"https:\/\/www.unifr.ch\/alma-georges\/wp-content\/uploads\/2020\/01\/IMG_0271.jpeg\" alt=\"\u00abVoici des canap\u00e9s de la mensa pour le Dies academicus qui avait lieu le lendemain. Ils ont l&#039;air bons.\u00bb\"\/>\n  \n  \n  \n<\/div>\n<div class=\"rsContent\">\n  <img class=\"rsImg\" src=\"https:\/\/www.unifr.ch\/alma-georges\/wp-content\/uploads\/2020\/01\/IMG_0288-1024x768.jpeg\" data-rsBigImg=\"https:\/\/www.unifr.ch\/alma-georges\/wp-content\/uploads\/2020\/01\/IMG_0288.jpeg\" alt=\"\u00abC&#039;est une imprimante. Elle est immense et il en est sorti un poster que vous pouvez voir dans les photos juste en-dessus!\u00bb\"\/>\n  \n  \n  \n<\/div>\n<div class=\"rsContent\">\n  <img class=\"rsImg\" src=\"https:\/\/www.unifr.ch\/alma-georges\/wp-content\/uploads\/2020\/01\/IMG_0328-1024x713.jpeg\" data-rsBigImg=\"https:\/\/www.unifr.ch\/alma-georges\/wp-content\/uploads\/2020\/01\/IMG_0328.jpeg\" alt=\"\u00abJe suis avec ma maman et elle pr\u00e9pare la repr\u00e9sentation de Ma th\u00e8se en 180 secondes pour le Dies academicus.\u00bb\"\/>\n  \n  \n  \n<\/div>\n<div class=\"rsContent\">\n  <img class=\"rsImg\" src=\"https:\/\/www.unifr.ch\/alma-georges\/wp-content\/uploads\/2020\/01\/IMG_0333-1024x710.jpeg\" data-rsBigImg=\"https:\/\/www.unifr.ch\/alma-georges\/wp-content\/uploads\/2020\/01\/IMG_0333.jpeg\" alt=\"\u00abJe me demande ce que c&#039;est. Il y a beaucoup de boutons.\u00bb\"\/>\n  \n  \n  \n<\/div>\n\n<\/div>\n\n<div class=\"clear\" style=\"height:20px\"><\/div>\n<\/div>\n<p><span style=\"color: #ff9900;\"><div class=\"clear\" style=\"height:20px\"><\/div><\/span><\/p>\n<p><span style=\"color: #ff9900;\">__________<\/span><\/p>\n<div class=\"clear\" style=\"height:20px\"><\/div>\n<ul>\n<li><a href=\"https:\/\/events.unifr.ch\/futurentousgenres\/fr\/\" target=\"_blank\" rel=\"noopener\">Site<\/a> de la Journ\u00e9e futur en tous genres<\/li>\n<\/ul>\n<div class=\"clear\" style=\"height:20px\"><\/div>\n<div class=\"clear\" style=\"height:20px\"><\/div>\n","protected":false},"excerpt":{"rendered":"<p>Le 14 novembre dernier, les enfants de 7H ont pris le chemin du boulot avec leurs parents. Comme chaque ann\u00e9e, l&rsquo;Unifr leur offrait un parcours matinal au travers des nombreuses professions qui s&rsquo;exercent dans notre institution. Au programme, sur les sites de P\u00e9rolles et de Mis\u00e9ricorde: visite des mensas et de l&rsquo;imprimerie de l&rsquo;Universit\u00e9, cours d&rsquo;\u00e9gyptologie, s\u00e9ance de qigong et r\u00e9flexions sur le genre des m\u00e9tiers. Le point de vue de Zakari Zakari Khali, 11 ans, a suivi la visite matinale et l&rsquo;auteure de cet article &#8211; mais n\u00e9anmoins sa maman &#8211; durant l&rsquo;apr\u00e8s-midi: \u00abLa journ\u00e9e \u00e9tait tr\u00e8s chouette et<\/p>\n","protected":false},"author":6,"featured_media":10086,"comment_status":"open","ping_status":"closed","sticky":true,"template":"","format":"standard","meta":{"footnotes":""},"categories":[91,75],"tags":[205],"_links":{"self":[{"href":"https:\/\/www.unifr.ch\/alma-georges\/wp-json\/wp\/v2\/posts\/10072"}],"collection":[{"href":"https:\/\/www.unifr.ch\/alma-georges\/wp-json\/wp\/v2\/posts"}],"about":[{"href":"https:\/\/www.unifr.ch\/alma-georges\/wp-json\/wp\/v2\/types\/post"}],"author":[{"embeddable":true,"href":"https:\/\/www.unifr.ch\/alma-georges\/wp-json\/wp\/v2\/users\/6"}],"replies":[{"embeddable":true,"href":"https:\/\/www.unifr.ch\/alma-georges\/wp-json\/wp\/v2\/comments?post=10072"}],"version-history":[{"count":1,"href":"https:\/\/www.unifr.ch\/alma-georges\/wp-json\/wp\/v2\/posts\/10072\/revisions"}],"predecessor-version":[{"id":10124,"href":"https:\/\/www.unifr.ch\/alma-georges\/wp-json\/wp\/v2\/posts\/10072\/revisions\/10124"}],"wp:featuredmedia":[{"embeddable":true,"href":"https:\/\/www.unifr.ch\/alma-georges\/wp-json\/wp\/v2\/media\/10086"}],"wp:attachment":[{"href":"https:\/\/www.unifr.ch\/alma-georges\/wp-json\/wp\/v2\/media?parent=10072"}],"wp:term":[{"taxonomy":"category","embeddable":true,"href":"https:\/\/www.unifr.ch\/alma-georges\/wp-json\/wp\/v2\/categories?post=10072"},{"taxonomy":"post_tag","embeddable":true,"href":"https:\/\/www.unifr.ch\/alma-georges\/wp-json\/wp\/v2\/tags?post=10072"}],"curies":[{"name":"wp","href":"https:\/\/api.w.org\/{rel}","templated":true}]}}