{"id":10052,"date":"2020-05-12T08:19:54","date_gmt":"2020-05-12T07:19:54","guid":{"rendered":"https:\/\/www3.unifr.ch\/alma-georges?p=10052"},"modified":"2020-05-12T09:29:09","modified_gmt":"2020-05-12T08:29:09","slug":"ces-etudiant%c2%b7e%c2%b7s-qui-font-luni-olivianne","status":"publish","type":"post","link":"https:\/\/www.unifr.ch\/alma-georges\/articles\/2020\/ces-etudiant%c2%b7e%c2%b7s-qui-font-luni-olivianne","title":{"rendered":"Ces \u00e9tudiant\u00b7e\u00b7s qui font l&rsquo;uni: Olivianne (8\/13)"},"content":{"rendered":"<h4><strong>Elle ne se contente pas de potasser le droit dans les bouquins! Loin de la th\u00e9orie, Olivianne a d\u00e9cid\u00e9, \u00e0 peine arriv\u00e9e \u00e0 Fribourg, de s\u2019engager en faveur des droits humains au sein d\u2019<em>UNA Refugees meet Students UNIFR<\/em>. <div class=\"clear\" style=\"height:20px\"><\/div>\n<\/strong><\/h4>\n<p><strong>D\u2019o\u00f9 t\u2019es venue l\u2019id\u00e9e de t\u2019engager pour une association universitaire?<br \/>\n<\/strong>Je me suis toujours dit, qu\u2019une fois \u00e0 l\u2019universit\u00e9, je m\u2019engagerais pour une association ou un club. J\u2019h\u00e9sitais entre FriMUN, l\u2019association qui simule l\u2019assemble g\u00e9n\u00e9rale des Nations Unies, et UNA Refugees meet students UNIFR. Mon engagement pour cette derni\u00e8re, dans le fond, n\u2019a tenu qu\u2019\u00e0 une chose: j\u2019\u00e9tais libre pour leur soir\u00e9e de recrutement.<\/p>\n<p><strong>Quel est ton cahier des charges?<br \/>\n<\/strong>D\u00e8s mon adh\u00e9sion, je me suis lanc\u00e9e dans l\u2019enseignement du fran\u00e7ais. Ce semestre, je donne un cours de langue niveau B2, mais je vais devoir arr\u00eater faute de temps. Je viens \u00e9galement d\u2019organiser une conf\u00e9rence sur les sauvetages en M\u00e9diterran\u00e9e.<\/p>\n<p><strong>Re\u00e7ois-tu une forme de reconnaissance pour ton engagement?<br \/>\n<\/strong>Ma r\u00e9compense, c\u2019est l\u2019int\u00e9r\u00eat et les progr\u00e8s de mes \u00e9l\u00e8ves. En ce qui concerne les conf\u00e9rences, j\u2019ai toujours peur qu\u2019il n\u2019y ait pas assez de monde. Jusqu\u2019\u00e0 pr\u00e9sent, \u00e7a a toujours bien march\u00e9, le public participe bien. \u00c7a me suffit, niveau reconnaissance.<\/p>\n<div id=\"attachment_10059\" style=\"width: 310px\" class=\"wp-caption alignright\"><a href=\"https:\/\/www.unifr.ch\/alma-georges\/wp-content\/uploads\/2020\/01\/DSC03693.jpg\"><img aria-describedby=\"caption-attachment-10059\" decoding=\"async\" loading=\"lazy\" class=\"size-medium wp-image-10059\" src=\"https:\/\/www.unifr.ch\/alma-georges\/wp-content\/uploads\/2020\/01\/DSC03693-300x200.jpg\" alt=\"\" width=\"300\" height=\"200\" srcset=\"https:\/\/www.unifr.ch\/alma-georges\/wp-content\/uploads\/2020\/01\/DSC03693-300x200.jpg 300w, https:\/\/www.unifr.ch\/alma-georges\/wp-content\/uploads\/2020\/01\/DSC03693-768x512.jpg 768w, https:\/\/www.unifr.ch\/alma-georges\/wp-content\/uploads\/2020\/01\/DSC03693-1024x683.jpg 1024w\" sizes=\"(max-width: 300px) 100vw, 300px\" \/><\/a><p id=\"caption-attachment-10059\" class=\"wp-caption-text\">Olivianne, \u00e9tudiante en droit<\/p><\/div>\n<p><strong>Pourquoi estimes-tu qu\u2019il est important de soutenir les r\u00e9fugi\u00e9s?<br \/>\n<\/strong>Je pense qu\u2019il est fondamentalement crucial de s\u2019engager pour les droits humains. Les r\u00e9fugi\u00e9s ont d\u00fb fuir leur pays pour diverses raisons et il convient de les accueillir correctement, notamment au niveau associatif, afin de faciliter leur int\u00e9gration.<\/p>\n<p><strong>Est-ce que ton engagement empi\u00e8te sur tes \u00e9tudes?<br \/>\n<\/strong>Clairement! D\u2019autant plus que je me suis \u00e9galement engag\u00e9e dans une autre association. On n\u2019est toutefois pas cens\u00e9 d\u00e9passer une certaine charge horaire, mais quand on aime on ne compte pas<\/p>\n<p><strong>Quelles exp\u00e9riences retires-tu de ton engagement?<br \/>\n<\/strong>\u00c7a m\u2019a appris \u00e9norm\u00e9ment de choses. J\u2019ai d\u00e9couvert de nouvelles cultures, j\u2019ai des amis partout dans le monde. Au niveau du CV, c\u2019est clair que l\u2019engagement associatif est un avantage. J&rsquo;ai appris \u00e0 organiser des conf\u00e9rences, \u00e9crire des mails, parler au nom d\u2019une association, donner des cours de langue, g\u00e9rer un budget, un agenda. Je connais \u00e9galement bien les conditions de l\u2019asile en Suisse d\u00e9sormais.<\/p>\n<p><strong>La voie vers une future carri\u00e8re politique?<br \/>\n<\/strong>Non, car il faudrait s\u2019affilier \u00e0 un partie et je ne crois pas qu\u2019une formation politique puisse avoir toutes les r\u00e9ponses. En revanche, je serais ravie de pouvoir organiser des conf\u00e9rences, des campagnes ou coordonner des \u00e9v\u00e9nements pour des ONG. <div class=\"clear\" style=\"height:20px\"><\/div>\n<div style=\"background-color: orange; font-size: 100%; padding: 1em;\">\n<h3><strong>Questionnaire existentiel express<\/strong><\/h3>\n<p><strong>La vie d\u2019\u00e9tudiante, c\u2019est une vie\u2026<\/strong><br \/>\nC\u2019est une vie assez tranquille et le passage au monde du travail risque d\u2019\u00eatre assez dur.<\/p>\n<p><strong>Dipl\u00f4me en poche, que feras-tu de ta vie?<\/strong><br \/>\nTravailler, mais je n\u2019ai aucune id\u00e9e pr\u00e9cise. Je ne sais m\u00eame pas quel master je veux faire.<\/p>\n<p><strong>Dans 20 ans, comment vois-tu ta vie?<\/strong><br \/>\nFaire un m\u00e9tier que j\u2019aime, avoir une famille.<\/p>\n<p><strong>Le r\u00eave de ta vie?<\/strong><br \/>\nJe n\u2019en ai pas vraiment<\/p>\n<p><strong>Le regret de ta vie?<\/strong><br \/>\nJe faisais beaucoup de danse et j\u2019ai arr\u00eat\u00e9. J\u2019aurais bien voulu continuer.<\/p>\n<p><strong>Le sens de la vie?<\/strong><br \/>\nJe ne pense pas que la vie ait un sens.<\/p>\n<p><strong>Une devise pour la vie?<\/strong><br \/>\nJe ne suis pas fan de ce qui est devise et phrase pour se motiver.<\/p>\n<p><strong>Sur ton lit de mort, en jetant un \u0153il dans le r\u00e9troviseur, tu te diras que ta vie c\u2019\u00e9tait quand m\u00eame\u2026<\/strong><br \/>\nJ\u2019aimerais pouvoir me dire que j\u2019ai accompli plein de choses et visiter de nombreux endroits.<\/p>\n<\/div>\n<div class=\"clear\" style=\"height:20px\"><\/div>\n<span style=\"color: #ff6600;\">_________<\/span><\/p>\n<div class=\"clear\" style=\"height:20px\"><\/div>\n<p>&nbsp;<\/p>\n<ul>\n<li><span style=\"color: #ff6600;\"><span style=\"color: #ff6600;\"><a href=\"https:\/\/www.facebook.com\/refugeesmeetstudents.UNIFR\/\"><span style=\"color: #000000;\">UNA &#8211; Refugees meet Students &#8211; UNIFR<\/span><\/a><\/span><\/span><\/li>\n<\/ul>\n<p>&nbsp;<\/p>\n","protected":false},"excerpt":{"rendered":"<p>Elle ne se contente pas de potasser le droit dans les bouquins! Loin de la th\u00e9orie, Olivianne a d\u00e9cid\u00e9, \u00e0 peine arriv\u00e9e \u00e0 Fribourg, de s\u2019engager en faveur des droits humains au sein d\u2019UNA Refugees meet Students UNIFR. D\u2019o\u00f9 t\u2019es venue l\u2019id\u00e9e de t\u2019engager pour une association universitaire? Je me suis toujours dit, qu\u2019une fois \u00e0 l\u2019universit\u00e9, je m\u2019engagerais pour une association ou un club. J\u2019h\u00e9sitais entre FriMUN, l\u2019association qui simule l\u2019assemble g\u00e9n\u00e9rale des Nations Unies, et UNA Refugees meet students UNIFR. Mon engagement pour cette derni\u00e8re, dans le fond, n\u2019a tenu qu\u2019\u00e0 une chose: j\u2019\u00e9tais libre pour leur soir\u00e9e<\/p>\n","protected":false},"author":13,"featured_media":10055,"comment_status":"open","ping_status":"closed","sticky":true,"template":"","format":"standard","meta":{"footnotes":""},"categories":[86,75],"tags":[273,1259,1280],"_links":{"self":[{"href":"https:\/\/www.unifr.ch\/alma-georges\/wp-json\/wp\/v2\/posts\/10052"}],"collection":[{"href":"https:\/\/www.unifr.ch\/alma-georges\/wp-json\/wp\/v2\/posts"}],"about":[{"href":"https:\/\/www.unifr.ch\/alma-georges\/wp-json\/wp\/v2\/types\/post"}],"author":[{"embeddable":true,"href":"https:\/\/www.unifr.ch\/alma-georges\/wp-json\/wp\/v2\/users\/13"}],"replies":[{"embeddable":true,"href":"https:\/\/www.unifr.ch\/alma-georges\/wp-json\/wp\/v2\/comments?post=10052"}],"version-history":[{"count":4,"href":"https:\/\/www.unifr.ch\/alma-georges\/wp-json\/wp\/v2\/posts\/10052\/revisions"}],"predecessor-version":[{"id":11025,"href":"https:\/\/www.unifr.ch\/alma-georges\/wp-json\/wp\/v2\/posts\/10052\/revisions\/11025"}],"wp:featuredmedia":[{"embeddable":true,"href":"https:\/\/www.unifr.ch\/alma-georges\/wp-json\/wp\/v2\/media\/10055"}],"wp:attachment":[{"href":"https:\/\/www.unifr.ch\/alma-georges\/wp-json\/wp\/v2\/media?parent=10052"}],"wp:term":[{"taxonomy":"category","embeddable":true,"href":"https:\/\/www.unifr.ch\/alma-georges\/wp-json\/wp\/v2\/categories?post=10052"},{"taxonomy":"post_tag","embeddable":true,"href":"https:\/\/www.unifr.ch\/alma-georges\/wp-json\/wp\/v2\/tags?post=10052"}],"curies":[{"name":"wp","href":"https:\/\/api.w.org\/{rel}","templated":true}]}}